{"id":2387,"date":"2022-06-02T16:41:12","date_gmt":"2022-06-02T14:41:12","guid":{"rendered":"https:\/\/saintpierredemejans.com\/?p=2387"},"modified":"2022-06-02T16:41:12","modified_gmt":"2022-06-02T14:41:12","slug":"inauguration-evening","status":"publish","type":"post","link":"https:\/\/saintpierredemejans.com\/en\/soiree-dinauguration\/","title":{"rendered":"Opening evening"},"content":{"rendered":"<p><img loading=\"lazy\" decoding=\"async\" class=\"size-medium wp-image-2388\" src=\"https:\/\/saintpierredemejans.com\/wp-content\/uploads\/2022\/06\/SaintPierre_Soiree19mai2022_146-300x200.jpg\" alt=\"\" width=\"300\" height=\"200\" \/><\/p>\n<p>Perhaps you were there? After a year of renovation and work, the estate opened its doors on the evening of our inauguration. It was a pleasure to open this building with its mysterious history and authentic beauty. The Pavillon Noir Ballet Preljocaj did us the honour of performing here - a magical moment! Over 400 guests came to support this project of the heart. A wonderful evening full of emotion!<\/p>","protected":false},"excerpt":{"rendered":"<p>Vous y \u00e9tiez peut-\u00eatre ? Apr\u00e8s un an de r\u00e9novation et de travaux le domaine a ouvert ses portes lors de notre soir\u00e9e d\u2019inauguration. Un plaisir d\u2019ouvrir cette b\u00e2tisse \u00e0 l\u2019histoire myst\u00e9rieuse et \u00e0 la beaut\u00e9 authentique. Le Ballet Preljocaj du Pavillon Noir nous a fait l\u2019honneur de se produire chez nous \u2013 un moment [&hellip;]<\/p>\n","protected":false},"author":3,"featured_media":0,"comment_status":"open","ping_status":"open","sticky":false,"template":"","format":"standard","meta":{"_yoast_wpseo_focuskw":"","_yoast_wpseo_title":"","_yoast_wpseo_metadesc":"","_yoast_wpseo_opengraph-title":"","_yoast_wpseo_opengraph-image":"","_yoast_wpseo_twitter-title":"","_yoast_wpseo_twitter-image":"","_et_pb_use_builder":"","_et_pb_old_content":"","_et_gb_content_width":"","footnotes":""},"categories":[1],"tags":[],"class_list":["post-2387","post","type-post","status-publish","format-standard","hentry","category-mejans"],"yoast_head":"<!-- This site is optimized with the Yoast SEO plugin v27.4 - https:\/\/yoast.com\/product\/yoast-seo-wordpress\/ -->\n<title>Soir\u00e9e d&#039;Inauguration | Ch\u00e2teau Saint-Pierre de Mejans | Vignoble<\/title>\n<meta name=\"robots\" content=\"index, follow, max-snippet:-1, max-image-preview:large, max-video-preview:-1\" \/>\n<link rel=\"canonical\" href=\"https:\/\/saintpierredemejans.com\/en\/inauguration-evening\/\" \/>\n<meta property=\"og:locale\" content=\"en_GB\" \/>\n<meta property=\"og:type\" content=\"article\" \/>\n<meta property=\"og:title\" content=\"Soir\u00e9e d&#039;Inauguration | Ch\u00e2teau Saint-Pierre de Mejans | Vignoble\" \/>\n<meta property=\"og:description\" content=\"Vous y \u00e9tiez peut-\u00eatre ? Apr\u00e8s un an de r\u00e9novation et de travaux le domaine a ouvert ses portes lors de notre soir\u00e9e d\u2019inauguration. Un plaisir d\u2019ouvrir cette b\u00e2tisse \u00e0 l\u2019histoire myst\u00e9rieuse et \u00e0 la beaut\u00e9 authentique. Le Ballet Preljocaj du Pavillon Noir nous a fait l\u2019honneur de se produire chez nous \u2013 un moment [&hellip;]\" \/>\n<meta property=\"og:url\" content=\"https:\/\/saintpierredemejans.com\/en\/inauguration-evening\/\" \/>\n<meta property=\"og:site_name\" content=\"Ch\u00e2teau Saint-Pierre de Mejans | Vignoble\" \/>\n<meta property=\"article:published_time\" content=\"2022-06-02T14:41:12+00:00\" \/>\n<meta property=\"og:image\" content=\"https:\/\/saintpierredemejans.com\/wp-content\/uploads\/2022\/06\/SaintPierre_Soiree19mai2022_146-300x200.jpg\" \/>\n<meta name=\"author\" content=\"contact@saintpierredemejans.com\" \/>\n<meta name=\"twitter:card\" content=\"summary_large_image\" \/>\n<meta name=\"twitter:label1\" content=\"Written by\" \/>\n\t<meta name=\"twitter:data1\" content=\"contact@saintpierredemejans.com\" \/>\n<script type=\"application\/ld+json\" class=\"yoast-schema-graph\">{\"@context\":\"https:\\\/\\\/schema.org\",\"@graph\":[{\"@type\":\"Article\",\"@id\":\"https:\\\/\\\/saintpierredemejans.com\\\/soiree-dinauguration\\\/#article\",\"isPartOf\":{\"@id\":\"https:\\\/\\\/saintpierredemejans.com\\\/soiree-dinauguration\\\/\"},\"author\":{\"name\":\"contact@saintpierredemejans.com\",\"@id\":\"https:\\\/\\\/saintpierredemejans.com\\\/#\\\/schema\\\/person\\\/16414051a46156ebaff8b15c497bead7\"},\"headline\":\"Soir\u00e9e d&rsquo;Inauguration\",\"datePublished\":\"2022-06-02T14:41:12+00:00\",\"mainEntityOfPage\":{\"@id\":\"https:\\\/\\\/saintpierredemejans.com\\\/soiree-dinauguration\\\/\"},\"wordCount\":89,\"commentCount\":0,\"publisher\":{\"@id\":\"https:\\\/\\\/saintpierredemejans.com\\\/#organization\"},\"image\":{\"@id\":\"https:\\\/\\\/saintpierredemejans.com\\\/soiree-dinauguration\\\/#primaryimage\"},\"thumbnailUrl\":\"https:\\\/\\\/saintpierredemejans.com\\\/wp-content\\\/uploads\\\/2022\\\/06\\\/SaintPierre_Soiree19mai2022_146-300x200.jpg\",\"articleSection\":[\"Mejans\"],\"inLanguage\":\"en-GB\",\"potentialAction\":[{\"@type\":\"CommentAction\",\"name\":\"Comment\",\"target\":[\"https:\\\/\\\/saintpierredemejans.com\\\/soiree-dinauguration\\\/#respond\"]}]},{\"@type\":\"WebPage\",\"@id\":\"https:\\\/\\\/saintpierredemejans.com\\\/soiree-dinauguration\\\/\",\"url\":\"https:\\\/\\\/saintpierredemejans.com\\\/soiree-dinauguration\\\/\",\"name\":\"Soir\u00e9e d'Inauguration | Ch\u00e2teau Saint-Pierre de Mejans | Vignoble\",\"isPartOf\":{\"@id\":\"https:\\\/\\\/saintpierredemejans.com\\\/#website\"},\"primaryImageOfPage\":{\"@id\":\"https:\\\/\\\/saintpierredemejans.com\\\/soiree-dinauguration\\\/#primaryimage\"},\"image\":{\"@id\":\"https:\\\/\\\/saintpierredemejans.com\\\/soiree-dinauguration\\\/#primaryimage\"},\"thumbnailUrl\":\"https:\\\/\\\/saintpierredemejans.com\\\/wp-content\\\/uploads\\\/2022\\\/06\\\/SaintPierre_Soiree19mai2022_146-300x200.jpg\",\"datePublished\":\"2022-06-02T14:41:12+00:00\",\"breadcrumb\":{\"@id\":\"https:\\\/\\\/saintpierredemejans.com\\\/soiree-dinauguration\\\/#breadcrumb\"},\"inLanguage\":\"en-GB\",\"potentialAction\":[{\"@type\":\"ReadAction\",\"target\":[\"https:\\\/\\\/saintpierredemejans.com\\\/soiree-dinauguration\\\/\"]}]},{\"@type\":\"ImageObject\",\"inLanguage\":\"en-GB\",\"@id\":\"https:\\\/\\\/saintpierredemejans.com\\\/soiree-dinauguration\\\/#primaryimage\",\"url\":\"https:\\\/\\\/saintpierredemejans.com\\\/wp-content\\\/uploads\\\/2022\\\/06\\\/SaintPierre_Soiree19mai2022_146-300x200.jpg\",\"contentUrl\":\"https:\\\/\\\/saintpierredemejans.com\\\/wp-content\\\/uploads\\\/2022\\\/06\\\/SaintPierre_Soiree19mai2022_146-300x200.jpg\"},{\"@type\":\"BreadcrumbList\",\"@id\":\"https:\\\/\\\/saintpierredemejans.com\\\/soiree-dinauguration\\\/#breadcrumb\",\"itemListElement\":[{\"@type\":\"ListItem\",\"position\":1,\"name\":\"Home\",\"item\":\"https:\\\/\\\/saintpierredemejans.com\\\/\"},{\"@type\":\"ListItem\",\"position\":2,\"name\":\"Soir\u00e9e d&rsquo;Inauguration\"}]},{\"@type\":\"WebSite\",\"@id\":\"https:\\\/\\\/saintpierredemejans.com\\\/#website\",\"url\":\"https:\\\/\\\/saintpierredemejans.com\\\/\",\"name\":\"Ch\u00e2teau Saint-Pierre de Mejans | Vignoble\",\"description\":\"ch\u00e2teau vignoble\",\"publisher\":{\"@id\":\"https:\\\/\\\/saintpierredemejans.com\\\/#organization\"},\"potentialAction\":[{\"@type\":\"SearchAction\",\"target\":{\"@type\":\"EntryPoint\",\"urlTemplate\":\"https:\\\/\\\/saintpierredemejans.com\\\/?s={search_term_string}\"},\"query-input\":{\"@type\":\"PropertyValueSpecification\",\"valueRequired\":true,\"valueName\":\"search_term_string\"}}],\"inLanguage\":\"en-GB\"},{\"@type\":\"Organization\",\"@id\":\"https:\\\/\\\/saintpierredemejans.com\\\/#organization\",\"name\":\"Ch\u00e2teau Saint-Pierre de Mejans | Vignoble dans le Lub\u00e9ron\",\"url\":\"https:\\\/\\\/saintpierredemejans.com\\\/\",\"logo\":{\"@type\":\"ImageObject\",\"inLanguage\":\"en-GB\",\"@id\":\"https:\\\/\\\/saintpierredemejans.com\\\/#\\\/schema\\\/logo\\\/image\\\/\",\"url\":\"https:\\\/\\\/saintpierredemejans.com\\\/wp-content\\\/uploads\\\/2021\\\/08\\\/favicon-1.png\",\"contentUrl\":\"https:\\\/\\\/saintpierredemejans.com\\\/wp-content\\\/uploads\\\/2021\\\/08\\\/favicon-1.png\",\"width\":822,\"height\":822,\"caption\":\"Ch\u00e2teau Saint-Pierre de Mejans | Vignoble dans le Lub\u00e9ron\"},\"image\":{\"@id\":\"https:\\\/\\\/saintpierredemejans.com\\\/#\\\/schema\\\/logo\\\/image\\\/\"}},{\"@type\":\"Person\",\"@id\":\"https:\\\/\\\/saintpierredemejans.com\\\/#\\\/schema\\\/person\\\/16414051a46156ebaff8b15c497bead7\",\"name\":\"contact@saintpierredemejans.com\",\"image\":{\"@type\":\"ImageObject\",\"inLanguage\":\"en-GB\",\"@id\":\"https:\\\/\\\/secure.gravatar.com\\\/avatar\\\/6b6a057c8693ad7323f985f5e6a9d4e42936ec1b8b3f795936dce1182f556b96?s=96&d=mm&r=g\",\"url\":\"https:\\\/\\\/secure.gravatar.com\\\/avatar\\\/6b6a057c8693ad7323f985f5e6a9d4e42936ec1b8b3f795936dce1182f556b96?s=96&d=mm&r=g\",\"contentUrl\":\"https:\\\/\\\/secure.gravatar.com\\\/avatar\\\/6b6a057c8693ad7323f985f5e6a9d4e42936ec1b8b3f795936dce1182f556b96?s=96&d=mm&r=g\",\"caption\":\"contact@saintpierredemejans.com\"}}]}<\/script>\n<!-- \/ Yoast SEO plugin. -->","yoast_head_json":{"title":"Inauguration Evening | Ch\u00e2teau Saint-Pierre de Mejans | Vineyard","robots":{"index":"index","follow":"follow","max-snippet":"max-snippet:-1","max-image-preview":"max-image-preview:large","max-video-preview":"max-video-preview:-1"},"canonical":"https:\/\/saintpierredemejans.com\/en\/inauguration-evening\/","og_locale":"en_GB","og_type":"article","og_title":"Soir\u00e9e d'Inauguration | Ch\u00e2teau Saint-Pierre de Mejans | Vignoble","og_description":"Vous y \u00e9tiez peut-\u00eatre ? Apr\u00e8s un an de r\u00e9novation et de travaux le domaine a ouvert ses portes lors de notre soir\u00e9e d\u2019inauguration. Un plaisir d\u2019ouvrir cette b\u00e2tisse \u00e0 l\u2019histoire myst\u00e9rieuse et \u00e0 la beaut\u00e9 authentique. Le Ballet Preljocaj du Pavillon Noir nous a fait l\u2019honneur de se produire chez nous \u2013 un moment [&hellip;]","og_url":"https:\/\/saintpierredemejans.com\/en\/inauguration-evening\/","og_site_name":"Ch\u00e2teau Saint-Pierre de Mejans | Vignoble","article_published_time":"2022-06-02T14:41:12+00:00","og_image":[{"url":"https:\/\/saintpierredemejans.com\/wp-content\/uploads\/2022\/06\/SaintPierre_Soiree19mai2022_146-300x200.jpg","type":"","width":"","height":""}],"author":"contact@saintpierredemejans.com","twitter_card":"summary_large_image","twitter_misc":{"Written by":"contact@saintpierredemejans.com"},"schema":{"@context":"https:\/\/schema.org","@graph":[{"@type":"Article","@id":"https:\/\/saintpierredemejans.com\/soiree-dinauguration\/#article","isPartOf":{"@id":"https:\/\/saintpierredemejans.com\/soiree-dinauguration\/"},"author":{"name":"contact@saintpierredemejans.com","@id":"https:\/\/saintpierredemejans.com\/#\/schema\/person\/16414051a46156ebaff8b15c497bead7"},"headline":"Soir\u00e9e d&rsquo;Inauguration","datePublished":"2022-06-02T14:41:12+00:00","mainEntityOfPage":{"@id":"https:\/\/saintpierredemejans.com\/soiree-dinauguration\/"},"wordCount":89,"commentCount":0,"publisher":{"@id":"https:\/\/saintpierredemejans.com\/#organization"},"image":{"@id":"https:\/\/saintpierredemejans.com\/soiree-dinauguration\/#primaryimage"},"thumbnailUrl":"https:\/\/saintpierredemejans.com\/wp-content\/uploads\/2022\/06\/SaintPierre_Soiree19mai2022_146-300x200.jpg","articleSection":["Mejans"],"inLanguage":"en-GB","potentialAction":[{"@type":"CommentAction","name":"Comment","target":["https:\/\/saintpierredemejans.com\/soiree-dinauguration\/#respond"]}]},{"@type":"WebPage","@id":"https:\/\/saintpierredemejans.com\/soiree-dinauguration\/","url":"https:\/\/saintpierredemejans.com\/soiree-dinauguration\/","name":"Inauguration Evening | Ch\u00e2teau Saint-Pierre de Mejans | Vineyard","isPartOf":{"@id":"https:\/\/saintpierredemejans.com\/#website"},"primaryImageOfPage":{"@id":"https:\/\/saintpierredemejans.com\/soiree-dinauguration\/#primaryimage"},"image":{"@id":"https:\/\/saintpierredemejans.com\/soiree-dinauguration\/#primaryimage"},"thumbnailUrl":"https:\/\/saintpierredemejans.com\/wp-content\/uploads\/2022\/06\/SaintPierre_Soiree19mai2022_146-300x200.jpg","datePublished":"2022-06-02T14:41:12+00:00","breadcrumb":{"@id":"https:\/\/saintpierredemejans.com\/soiree-dinauguration\/#breadcrumb"},"inLanguage":"en-GB","potentialAction":[{"@type":"ReadAction","target":["https:\/\/saintpierredemejans.com\/soiree-dinauguration\/"]}]},{"@type":"ImageObject","inLanguage":"en-GB","@id":"https:\/\/saintpierredemejans.com\/soiree-dinauguration\/#primaryimage","url":"https:\/\/saintpierredemejans.com\/wp-content\/uploads\/2022\/06\/SaintPierre_Soiree19mai2022_146-300x200.jpg","contentUrl":"https:\/\/saintpierredemejans.com\/wp-content\/uploads\/2022\/06\/SaintPierre_Soiree19mai2022_146-300x200.jpg"},{"@type":"BreadcrumbList","@id":"https:\/\/saintpierredemejans.com\/soiree-dinauguration\/#breadcrumb","itemListElement":[{"@type":"ListItem","position":1,"name":"Home","item":"https:\/\/saintpierredemejans.com\/"},{"@type":"ListItem","position":2,"name":"Soir\u00e9e d&rsquo;Inauguration"}]},{"@type":"WebSite","@id":"https:\/\/saintpierredemejans.com\/#website","url":"https:\/\/saintpierredemejans.com\/","name":"Ch\u00e2teau Saint-Pierre de Mejans | Vineyard","description":"chateau vineyard","publisher":{"@id":"https:\/\/saintpierredemejans.com\/#organization"},"potentialAction":[{"@type":"SearchAction","target":{"@type":"EntryPoint","urlTemplate":"https:\/\/saintpierredemejans.com\/?s={search_term_string}"},"query-input":{"@type":"PropertyValueSpecification","valueRequired":true,"valueName":"search_term_string"}}],"inLanguage":"en-GB"},{"@type":"Organization","@id":"https:\/\/saintpierredemejans.com\/#organization","name":"Ch\u00e2teau Saint-Pierre de Mejans | Vineyard in the Lub\u00e9ron","url":"https:\/\/saintpierredemejans.com\/","logo":{"@type":"ImageObject","inLanguage":"en-GB","@id":"https:\/\/saintpierredemejans.com\/#\/schema\/logo\/image\/","url":"https:\/\/saintpierredemejans.com\/wp-content\/uploads\/2021\/08\/favicon-1.png","contentUrl":"https:\/\/saintpierredemejans.com\/wp-content\/uploads\/2021\/08\/favicon-1.png","width":822,"height":822,"caption":"Ch\u00e2teau Saint-Pierre de Mejans | Vignoble dans le Lub\u00e9ron"},"image":{"@id":"https:\/\/saintpierredemejans.com\/#\/schema\/logo\/image\/"}},{"@type":"Person","@id":"https:\/\/saintpierredemejans.com\/#\/schema\/person\/16414051a46156ebaff8b15c497bead7","name":"contact@saintpierredemejans.com","image":{"@type":"ImageObject","inLanguage":"en-GB","@id":"https:\/\/secure.gravatar.com\/avatar\/6b6a057c8693ad7323f985f5e6a9d4e42936ec1b8b3f795936dce1182f556b96?s=96&d=mm&r=g","url":"https:\/\/secure.gravatar.com\/avatar\/6b6a057c8693ad7323f985f5e6a9d4e42936ec1b8b3f795936dce1182f556b96?s=96&d=mm&r=g","contentUrl":"https:\/\/secure.gravatar.com\/avatar\/6b6a057c8693ad7323f985f5e6a9d4e42936ec1b8b3f795936dce1182f556b96?s=96&d=mm&r=g","caption":"contact@saintpierredemejans.com"}}]}},"_links":{"self":[{"href":"https:\/\/saintpierredemejans.com\/en\/wp-json\/wp\/v2\/posts\/2387","targetHints":{"allow":["GET"]}}],"collection":[{"href":"https:\/\/saintpierredemejans.com\/en\/wp-json\/wp\/v2\/posts"}],"about":[{"href":"https:\/\/saintpierredemejans.com\/en\/wp-json\/wp\/v2\/types\/post"}],"author":[{"embeddable":true,"href":"https:\/\/saintpierredemejans.com\/en\/wp-json\/wp\/v2\/users\/3"}],"replies":[{"embeddable":true,"href":"https:\/\/saintpierredemejans.com\/en\/wp-json\/wp\/v2\/comments?post=2387"}],"version-history":[{"count":0,"href":"https:\/\/saintpierredemejans.com\/en\/wp-json\/wp\/v2\/posts\/2387\/revisions"}],"wp:attachment":[{"href":"https:\/\/saintpierredemejans.com\/en\/wp-json\/wp\/v2\/media?parent=2387"}],"wp:term":[{"taxonomy":"category","embeddable":true,"href":"https:\/\/saintpierredemejans.com\/en\/wp-json\/wp\/v2\/categories?post=2387"},{"taxonomy":"post_tag","embeddable":true,"href":"https:\/\/saintpierredemejans.com\/en\/wp-json\/wp\/v2\/tags?post=2387"}],"curies":[{"name":"wp","href":"https:\/\/api.w.org\/{rel}","templated":true}]}}