{"id":2396,"date":"2022-06-02T17:07:02","date_gmt":"2022-06-02T15:07:02","guid":{"rendered":"https:\/\/saintpierredemejans.com\/?p=2396"},"modified":"2022-06-02T17:07:02","modified_gmt":"2022-06-02T15:07:02","slug":"article-in-laprovence","status":"publish","type":"post","link":"https:\/\/saintpierredemejans.com\/en\/article-dans-laprovence\/","title":{"rendered":"Article in LaProvence"},"content":{"rendered":"<p><img loading=\"lazy\" decoding=\"async\" class=\"wp-image-2397 alignleft\" src=\"https:\/\/saintpierredemejans.com\/wp-content\/uploads\/2022\/06\/st-pierre-presse-inauguration-002-300x251.png\" alt=\"\" width=\"298\" height=\"249\" \/>They're talking about us in the paper!<\/p>\n<p>Following our inauguration on 19 May, the estate is arousing curiosity... Don't hesitate to come along, our doors are wide open and we can't wait to share this wonderful story with you!<\/p>","protected":false},"excerpt":{"rendered":"<p>We're in the news! Following our inauguration on 19 May, the estate is arousing curiosity... Don't hesitate to come along, our doors are wide open and we can't wait to share this wonderful story with you!<\/p>","protected":false},"author":3,"featured_media":0,"comment_status":"open","ping_status":"open","sticky":false,"template":"","format":"standard","meta":{"_yoast_wpseo_focuskw":"","_yoast_wpseo_title":"","_yoast_wpseo_metadesc":"","_yoast_wpseo_opengraph-title":"","_yoast_wpseo_opengraph-image":"","_yoast_wpseo_twitter-title":"","_yoast_wpseo_twitter-image":"","_et_pb_use_builder":"","_et_pb_old_content":"","_et_gb_content_width":"","footnotes":""},"categories":[1],"tags":[],"class_list":["post-2396","post","type-post","status-publish","format-standard","hentry","category-mejans"],"yoast_head":"<!-- This site is optimized with the Yoast SEO plugin v27.4 - https:\/\/yoast.com\/product\/yoast-seo-wordpress\/ -->\n<title>Article dans LaProvence | Ch\u00e2teau Saint-Pierre de Mejans | Vignoble<\/title>\n<meta name=\"robots\" content=\"index, follow, max-snippet:-1, max-image-preview:large, max-video-preview:-1\" \/>\n<link rel=\"canonical\" href=\"https:\/\/saintpierredemejans.com\/en\/article-in-laprovence\/\" \/>\n<meta property=\"og:locale\" content=\"en_GB\" \/>\n<meta property=\"og:type\" content=\"article\" \/>\n<meta property=\"og:title\" content=\"Article dans LaProvence | Ch\u00e2teau Saint-Pierre de Mejans | Vignoble\" \/>\n<meta property=\"og:description\" content=\"On parle de nous dans le journal ! Suite \u00e0 notre inauguration le 19 Mai, le domaine attise la curiosit\u00e9\u2026N\u2019h\u00e9sitez pas \u00e0 venir nombreux, nos portes sont grandes ouvertes et nous avons h\u00e2te de partager cette belle histoire avec vous !\" \/>\n<meta property=\"og:url\" content=\"https:\/\/saintpierredemejans.com\/en\/article-in-laprovence\/\" \/>\n<meta property=\"og:site_name\" content=\"Ch\u00e2teau Saint-Pierre de Mejans | Vignoble\" \/>\n<meta property=\"article:published_time\" content=\"2022-06-02T15:07:02+00:00\" \/>\n<meta property=\"og:image\" content=\"https:\/\/saintpierredemejans.com\/wp-content\/uploads\/2022\/06\/st-pierre-presse-inauguration-002-300x251.png\" \/>\n<meta name=\"author\" content=\"contact@saintpierredemejans.com\" \/>\n<meta name=\"twitter:card\" content=\"summary_large_image\" \/>\n<meta name=\"twitter:label1\" content=\"Written by\" \/>\n\t<meta name=\"twitter:data1\" content=\"contact@saintpierredemejans.com\" \/>\n<script type=\"application\/ld+json\" class=\"yoast-schema-graph\">{\"@context\":\"https:\\\/\\\/schema.org\",\"@graph\":[{\"@type\":\"Article\",\"@id\":\"https:\\\/\\\/saintpierredemejans.com\\\/article-dans-laprovence\\\/#article\",\"isPartOf\":{\"@id\":\"https:\\\/\\\/saintpierredemejans.com\\\/article-dans-laprovence\\\/\"},\"author\":{\"name\":\"contact@saintpierredemejans.com\",\"@id\":\"https:\\\/\\\/saintpierredemejans.com\\\/#\\\/schema\\\/person\\\/16414051a46156ebaff8b15c497bead7\"},\"headline\":\"Article dans LaProvence\",\"datePublished\":\"2022-06-02T15:07:02+00:00\",\"mainEntityOfPage\":{\"@id\":\"https:\\\/\\\/saintpierredemejans.com\\\/article-dans-laprovence\\\/\"},\"wordCount\":43,\"commentCount\":0,\"publisher\":{\"@id\":\"https:\\\/\\\/saintpierredemejans.com\\\/#organization\"},\"image\":{\"@id\":\"https:\\\/\\\/saintpierredemejans.com\\\/article-dans-laprovence\\\/#primaryimage\"},\"thumbnailUrl\":\"https:\\\/\\\/saintpierredemejans.com\\\/wp-content\\\/uploads\\\/2022\\\/06\\\/st-pierre-presse-inauguration-002-300x251.png\",\"articleSection\":[\"Mejans\"],\"inLanguage\":\"en-GB\",\"potentialAction\":[{\"@type\":\"CommentAction\",\"name\":\"Comment\",\"target\":[\"https:\\\/\\\/saintpierredemejans.com\\\/article-dans-laprovence\\\/#respond\"]}]},{\"@type\":\"WebPage\",\"@id\":\"https:\\\/\\\/saintpierredemejans.com\\\/article-dans-laprovence\\\/\",\"url\":\"https:\\\/\\\/saintpierredemejans.com\\\/article-dans-laprovence\\\/\",\"name\":\"Article dans LaProvence | Ch\u00e2teau Saint-Pierre de Mejans | Vignoble\",\"isPartOf\":{\"@id\":\"https:\\\/\\\/saintpierredemejans.com\\\/#website\"},\"primaryImageOfPage\":{\"@id\":\"https:\\\/\\\/saintpierredemejans.com\\\/article-dans-laprovence\\\/#primaryimage\"},\"image\":{\"@id\":\"https:\\\/\\\/saintpierredemejans.com\\\/article-dans-laprovence\\\/#primaryimage\"},\"thumbnailUrl\":\"https:\\\/\\\/saintpierredemejans.com\\\/wp-content\\\/uploads\\\/2022\\\/06\\\/st-pierre-presse-inauguration-002-300x251.png\",\"datePublished\":\"2022-06-02T15:07:02+00:00\",\"breadcrumb\":{\"@id\":\"https:\\\/\\\/saintpierredemejans.com\\\/article-dans-laprovence\\\/#breadcrumb\"},\"inLanguage\":\"en-GB\",\"potentialAction\":[{\"@type\":\"ReadAction\",\"target\":[\"https:\\\/\\\/saintpierredemejans.com\\\/article-dans-laprovence\\\/\"]}]},{\"@type\":\"ImageObject\",\"inLanguage\":\"en-GB\",\"@id\":\"https:\\\/\\\/saintpierredemejans.com\\\/article-dans-laprovence\\\/#primaryimage\",\"url\":\"https:\\\/\\\/saintpierredemejans.com\\\/wp-content\\\/uploads\\\/2022\\\/06\\\/st-pierre-presse-inauguration-002-300x251.png\",\"contentUrl\":\"https:\\\/\\\/saintpierredemejans.com\\\/wp-content\\\/uploads\\\/2022\\\/06\\\/st-pierre-presse-inauguration-002-300x251.png\"},{\"@type\":\"BreadcrumbList\",\"@id\":\"https:\\\/\\\/saintpierredemejans.com\\\/article-dans-laprovence\\\/#breadcrumb\",\"itemListElement\":[{\"@type\":\"ListItem\",\"position\":1,\"name\":\"Home\",\"item\":\"https:\\\/\\\/saintpierredemejans.com\\\/\"},{\"@type\":\"ListItem\",\"position\":2,\"name\":\"Article dans LaProvence\"}]},{\"@type\":\"WebSite\",\"@id\":\"https:\\\/\\\/saintpierredemejans.com\\\/#website\",\"url\":\"https:\\\/\\\/saintpierredemejans.com\\\/\",\"name\":\"Ch\u00e2teau Saint-Pierre de Mejans | Vignoble\",\"description\":\"ch\u00e2teau vignoble\",\"publisher\":{\"@id\":\"https:\\\/\\\/saintpierredemejans.com\\\/#organization\"},\"potentialAction\":[{\"@type\":\"SearchAction\",\"target\":{\"@type\":\"EntryPoint\",\"urlTemplate\":\"https:\\\/\\\/saintpierredemejans.com\\\/?s={search_term_string}\"},\"query-input\":{\"@type\":\"PropertyValueSpecification\",\"valueRequired\":true,\"valueName\":\"search_term_string\"}}],\"inLanguage\":\"en-GB\"},{\"@type\":\"Organization\",\"@id\":\"https:\\\/\\\/saintpierredemejans.com\\\/#organization\",\"name\":\"Ch\u00e2teau Saint-Pierre de Mejans | Vignoble dans le Lub\u00e9ron\",\"url\":\"https:\\\/\\\/saintpierredemejans.com\\\/\",\"logo\":{\"@type\":\"ImageObject\",\"inLanguage\":\"en-GB\",\"@id\":\"https:\\\/\\\/saintpierredemejans.com\\\/#\\\/schema\\\/logo\\\/image\\\/\",\"url\":\"https:\\\/\\\/saintpierredemejans.com\\\/wp-content\\\/uploads\\\/2021\\\/08\\\/favicon-1.png\",\"contentUrl\":\"https:\\\/\\\/saintpierredemejans.com\\\/wp-content\\\/uploads\\\/2021\\\/08\\\/favicon-1.png\",\"width\":822,\"height\":822,\"caption\":\"Ch\u00e2teau Saint-Pierre de Mejans | Vignoble dans le Lub\u00e9ron\"},\"image\":{\"@id\":\"https:\\\/\\\/saintpierredemejans.com\\\/#\\\/schema\\\/logo\\\/image\\\/\"}},{\"@type\":\"Person\",\"@id\":\"https:\\\/\\\/saintpierredemejans.com\\\/#\\\/schema\\\/person\\\/16414051a46156ebaff8b15c497bead7\",\"name\":\"contact@saintpierredemejans.com\",\"image\":{\"@type\":\"ImageObject\",\"inLanguage\":\"en-GB\",\"@id\":\"https:\\\/\\\/secure.gravatar.com\\\/avatar\\\/6b6a057c8693ad7323f985f5e6a9d4e42936ec1b8b3f795936dce1182f556b96?s=96&d=mm&r=g\",\"url\":\"https:\\\/\\\/secure.gravatar.com\\\/avatar\\\/6b6a057c8693ad7323f985f5e6a9d4e42936ec1b8b3f795936dce1182f556b96?s=96&d=mm&r=g\",\"contentUrl\":\"https:\\\/\\\/secure.gravatar.com\\\/avatar\\\/6b6a057c8693ad7323f985f5e6a9d4e42936ec1b8b3f795936dce1182f556b96?s=96&d=mm&r=g\",\"caption\":\"contact@saintpierredemejans.com\"}}]}<\/script>\n<!-- \/ Yoast SEO plugin. -->","yoast_head_json":{"title":"Article in LaProvence | Ch\u00e2teau Saint-Pierre de Mejans | Vineyard","robots":{"index":"index","follow":"follow","max-snippet":"max-snippet:-1","max-image-preview":"max-image-preview:large","max-video-preview":"max-video-preview:-1"},"canonical":"https:\/\/saintpierredemejans.com\/en\/article-in-laprovence\/","og_locale":"en_GB","og_type":"article","og_title":"Article dans LaProvence | Ch\u00e2teau Saint-Pierre de Mejans | Vignoble","og_description":"On parle de nous dans le journal ! Suite \u00e0 notre inauguration le 19 Mai, le domaine attise la curiosit\u00e9\u2026N\u2019h\u00e9sitez pas \u00e0 venir nombreux, nos portes sont grandes ouvertes et nous avons h\u00e2te de partager cette belle histoire avec vous !","og_url":"https:\/\/saintpierredemejans.com\/en\/article-in-laprovence\/","og_site_name":"Ch\u00e2teau Saint-Pierre de Mejans | Vignoble","article_published_time":"2022-06-02T15:07:02+00:00","og_image":[{"url":"https:\/\/saintpierredemejans.com\/wp-content\/uploads\/2022\/06\/st-pierre-presse-inauguration-002-300x251.png","type":"","width":"","height":""}],"author":"contact@saintpierredemejans.com","twitter_card":"summary_large_image","twitter_misc":{"Written by":"contact@saintpierredemejans.com"},"schema":{"@context":"https:\/\/schema.org","@graph":[{"@type":"Article","@id":"https:\/\/saintpierredemejans.com\/article-dans-laprovence\/#article","isPartOf":{"@id":"https:\/\/saintpierredemejans.com\/article-dans-laprovence\/"},"author":{"name":"contact@saintpierredemejans.com","@id":"https:\/\/saintpierredemejans.com\/#\/schema\/person\/16414051a46156ebaff8b15c497bead7"},"headline":"Article dans LaProvence","datePublished":"2022-06-02T15:07:02+00:00","mainEntityOfPage":{"@id":"https:\/\/saintpierredemejans.com\/article-dans-laprovence\/"},"wordCount":43,"commentCount":0,"publisher":{"@id":"https:\/\/saintpierredemejans.com\/#organization"},"image":{"@id":"https:\/\/saintpierredemejans.com\/article-dans-laprovence\/#primaryimage"},"thumbnailUrl":"https:\/\/saintpierredemejans.com\/wp-content\/uploads\/2022\/06\/st-pierre-presse-inauguration-002-300x251.png","articleSection":["Mejans"],"inLanguage":"en-GB","potentialAction":[{"@type":"CommentAction","name":"Comment","target":["https:\/\/saintpierredemejans.com\/article-dans-laprovence\/#respond"]}]},{"@type":"WebPage","@id":"https:\/\/saintpierredemejans.com\/article-dans-laprovence\/","url":"https:\/\/saintpierredemejans.com\/article-dans-laprovence\/","name":"Article in LaProvence | Ch\u00e2teau Saint-Pierre de Mejans | Vineyard","isPartOf":{"@id":"https:\/\/saintpierredemejans.com\/#website"},"primaryImageOfPage":{"@id":"https:\/\/saintpierredemejans.com\/article-dans-laprovence\/#primaryimage"},"image":{"@id":"https:\/\/saintpierredemejans.com\/article-dans-laprovence\/#primaryimage"},"thumbnailUrl":"https:\/\/saintpierredemejans.com\/wp-content\/uploads\/2022\/06\/st-pierre-presse-inauguration-002-300x251.png","datePublished":"2022-06-02T15:07:02+00:00","breadcrumb":{"@id":"https:\/\/saintpierredemejans.com\/article-dans-laprovence\/#breadcrumb"},"inLanguage":"en-GB","potentialAction":[{"@type":"ReadAction","target":["https:\/\/saintpierredemejans.com\/article-dans-laprovence\/"]}]},{"@type":"ImageObject","inLanguage":"en-GB","@id":"https:\/\/saintpierredemejans.com\/article-dans-laprovence\/#primaryimage","url":"https:\/\/saintpierredemejans.com\/wp-content\/uploads\/2022\/06\/st-pierre-presse-inauguration-002-300x251.png","contentUrl":"https:\/\/saintpierredemejans.com\/wp-content\/uploads\/2022\/06\/st-pierre-presse-inauguration-002-300x251.png"},{"@type":"BreadcrumbList","@id":"https:\/\/saintpierredemejans.com\/article-dans-laprovence\/#breadcrumb","itemListElement":[{"@type":"ListItem","position":1,"name":"Home","item":"https:\/\/saintpierredemejans.com\/"},{"@type":"ListItem","position":2,"name":"Article dans LaProvence"}]},{"@type":"WebSite","@id":"https:\/\/saintpierredemejans.com\/#website","url":"https:\/\/saintpierredemejans.com\/","name":"Ch\u00e2teau Saint-Pierre de Mejans | Vineyard","description":"chateau vineyard","publisher":{"@id":"https:\/\/saintpierredemejans.com\/#organization"},"potentialAction":[{"@type":"SearchAction","target":{"@type":"EntryPoint","urlTemplate":"https:\/\/saintpierredemejans.com\/?s={search_term_string}"},"query-input":{"@type":"PropertyValueSpecification","valueRequired":true,"valueName":"search_term_string"}}],"inLanguage":"en-GB"},{"@type":"Organization","@id":"https:\/\/saintpierredemejans.com\/#organization","name":"Ch\u00e2teau Saint-Pierre de Mejans | Vineyard in the Lub\u00e9ron","url":"https:\/\/saintpierredemejans.com\/","logo":{"@type":"ImageObject","inLanguage":"en-GB","@id":"https:\/\/saintpierredemejans.com\/#\/schema\/logo\/image\/","url":"https:\/\/saintpierredemejans.com\/wp-content\/uploads\/2021\/08\/favicon-1.png","contentUrl":"https:\/\/saintpierredemejans.com\/wp-content\/uploads\/2021\/08\/favicon-1.png","width":822,"height":822,"caption":"Ch\u00e2teau Saint-Pierre de Mejans | Vignoble dans le Lub\u00e9ron"},"image":{"@id":"https:\/\/saintpierredemejans.com\/#\/schema\/logo\/image\/"}},{"@type":"Person","@id":"https:\/\/saintpierredemejans.com\/#\/schema\/person\/16414051a46156ebaff8b15c497bead7","name":"contact@saintpierredemejans.com","image":{"@type":"ImageObject","inLanguage":"en-GB","@id":"https:\/\/secure.gravatar.com\/avatar\/6b6a057c8693ad7323f985f5e6a9d4e42936ec1b8b3f795936dce1182f556b96?s=96&d=mm&r=g","url":"https:\/\/secure.gravatar.com\/avatar\/6b6a057c8693ad7323f985f5e6a9d4e42936ec1b8b3f795936dce1182f556b96?s=96&d=mm&r=g","contentUrl":"https:\/\/secure.gravatar.com\/avatar\/6b6a057c8693ad7323f985f5e6a9d4e42936ec1b8b3f795936dce1182f556b96?s=96&d=mm&r=g","caption":"contact@saintpierredemejans.com"}}]}},"_links":{"self":[{"href":"https:\/\/saintpierredemejans.com\/en\/wp-json\/wp\/v2\/posts\/2396","targetHints":{"allow":["GET"]}}],"collection":[{"href":"https:\/\/saintpierredemejans.com\/en\/wp-json\/wp\/v2\/posts"}],"about":[{"href":"https:\/\/saintpierredemejans.com\/en\/wp-json\/wp\/v2\/types\/post"}],"author":[{"embeddable":true,"href":"https:\/\/saintpierredemejans.com\/en\/wp-json\/wp\/v2\/users\/3"}],"replies":[{"embeddable":true,"href":"https:\/\/saintpierredemejans.com\/en\/wp-json\/wp\/v2\/comments?post=2396"}],"version-history":[{"count":0,"href":"https:\/\/saintpierredemejans.com\/en\/wp-json\/wp\/v2\/posts\/2396\/revisions"}],"wp:attachment":[{"href":"https:\/\/saintpierredemejans.com\/en\/wp-json\/wp\/v2\/media?parent=2396"}],"wp:term":[{"taxonomy":"category","embeddable":true,"href":"https:\/\/saintpierredemejans.com\/en\/wp-json\/wp\/v2\/categories?post=2396"},{"taxonomy":"post_tag","embeddable":true,"href":"https:\/\/saintpierredemejans.com\/en\/wp-json\/wp\/v2\/tags?post=2396"}],"curies":[{"name":"wp","href":"https:\/\/api.w.org\/{rel}","templated":true}]}}