{"id":3142,"date":"2023-03-24T09:47:35","date_gmt":"2023-03-24T08:47:35","guid":{"rendered":"https:\/\/saintpierredemejans.com\/?p=3142"},"modified":"2023-03-24T09:47:35","modified_gmt":"2023-03-24T08:47:35","slug":"plants-and-well-being-workshop","status":"publish","type":"post","link":"https:\/\/saintpierredemejans.com\/en\/atelier-plantes-et-bien-etre\/","title":{"rendered":"PLANTS AND WELL-BEING WORKSHOP"},"content":{"rendered":"<p><img loading=\"lazy\" decoding=\"async\" class=\"size-medium wp-image-3140 alignleft\" src=\"https:\/\/saintpierredemejans.com\/wp-content\/uploads\/2023\/03\/Ateliers-PLants-25-mars-2023-266x300.png\" alt=\"\" width=\"266\" height=\"300\" \/>We are delighted to welcome Coralie Imhoff to the ch\u00e2teau on Saturday 25 March from 2 to 4 pm for a workshop on plants and well-being. During this session, limited to 10 participants, she will share her knowledge as a naturopath on identifying certain plants that are beneficial to health, creating herbal teas and, using the ch\u00e2teau's olive oil, creating her own Detox Synergy.<\/p>\n<p>For more information, visit its website at www.coralieimhoff-naturopathe.com.<\/p>","protected":false},"excerpt":{"rendered":"<p>Nous sommes ravis d&rsquo;accueillir Coralie Imhoff au ch\u00e2teau le samedi 25 mars de 14h \u00e0 16h pour un atelier sur les plantes et le bien-\u00eatre. Au cours de cette session limit\u00e9e \u00e0 10 participants, elle partagera ses connaissances de naturopathe sur l&rsquo;identification de certaines plantes b\u00e9n\u00e9fiques pour la sant\u00e9, la cr\u00e9ation de tisanes et avec [&hellip;]<\/p>\n","protected":false},"author":3,"featured_media":0,"comment_status":"open","ping_status":"open","sticky":false,"template":"","format":"standard","meta":{"_yoast_wpseo_focuskw":"","_yoast_wpseo_title":"","_yoast_wpseo_metadesc":"","_yoast_wpseo_opengraph-title":"","_yoast_wpseo_opengraph-image":"","_yoast_wpseo_twitter-title":"","_yoast_wpseo_twitter-image":"","_et_pb_use_builder":"","_et_pb_old_content":"","_et_gb_content_width":"","footnotes":""},"categories":[1],"tags":[],"class_list":["post-3142","post","type-post","status-publish","format-standard","hentry","category-mejans"],"yoast_head":"<!-- This site is optimized with the Yoast SEO plugin v27.4 - https:\/\/yoast.com\/product\/yoast-seo-wordpress\/ -->\n<title>ATELIER PLANTES ET BIEN-\u00caTRE | Ch\u00e2teau Saint-Pierre de Mejans | Vignoble<\/title>\n<meta name=\"robots\" content=\"index, follow, max-snippet:-1, max-image-preview:large, max-video-preview:-1\" \/>\n<link rel=\"canonical\" href=\"https:\/\/saintpierredemejans.com\/en\/plants-and-well-being-workshop\/\" \/>\n<meta property=\"og:locale\" content=\"en_GB\" \/>\n<meta property=\"og:type\" content=\"article\" \/>\n<meta property=\"og:title\" content=\"ATELIER PLANTES ET BIEN-\u00caTRE | Ch\u00e2teau Saint-Pierre de Mejans | Vignoble\" \/>\n<meta property=\"og:description\" content=\"Nous sommes ravis d&rsquo;accueillir Coralie Imhoff au ch\u00e2teau le samedi 25 mars de 14h \u00e0 16h pour un atelier sur les plantes et le bien-\u00eatre. Au cours de cette session limit\u00e9e \u00e0 10 participants, elle partagera ses connaissances de naturopathe sur l&rsquo;identification de certaines plantes b\u00e9n\u00e9fiques pour la sant\u00e9, la cr\u00e9ation de tisanes et avec [&hellip;]\" \/>\n<meta property=\"og:url\" content=\"https:\/\/saintpierredemejans.com\/en\/plants-and-well-being-workshop\/\" \/>\n<meta property=\"og:site_name\" content=\"Ch\u00e2teau Saint-Pierre de Mejans | Vignoble\" \/>\n<meta property=\"article:published_time\" content=\"2023-03-24T08:47:35+00:00\" \/>\n<meta property=\"og:image\" content=\"https:\/\/saintpierredemejans.com\/wp-content\/uploads\/2023\/03\/Ateliers-PLants-25-mars-2023-266x300.png\" \/>\n<meta name=\"author\" content=\"contact@saintpierredemejans.com\" \/>\n<meta name=\"twitter:card\" content=\"summary_large_image\" \/>\n<meta name=\"twitter:label1\" content=\"Written by\" \/>\n\t<meta name=\"twitter:data1\" content=\"contact@saintpierredemejans.com\" \/>\n\t<meta name=\"twitter:label2\" content=\"Estimated reading time\" \/>\n\t<meta name=\"twitter:data2\" content=\"1 minute\" \/>\n<script type=\"application\/ld+json\" class=\"yoast-schema-graph\">{\"@context\":\"https:\\\/\\\/schema.org\",\"@graph\":[{\"@type\":\"Article\",\"@id\":\"https:\\\/\\\/saintpierredemejans.com\\\/atelier-plantes-et-bien-etre\\\/#article\",\"isPartOf\":{\"@id\":\"https:\\\/\\\/saintpierredemejans.com\\\/atelier-plantes-et-bien-etre\\\/\"},\"author\":{\"name\":\"contact@saintpierredemejans.com\",\"@id\":\"https:\\\/\\\/saintpierredemejans.com\\\/#\\\/schema\\\/person\\\/16414051a46156ebaff8b15c497bead7\"},\"headline\":\"ATELIER PLANTES ET BIEN-\u00caTRE\",\"datePublished\":\"2023-03-24T08:47:35+00:00\",\"mainEntityOfPage\":{\"@id\":\"https:\\\/\\\/saintpierredemejans.com\\\/atelier-plantes-et-bien-etre\\\/\"},\"wordCount\":96,\"commentCount\":0,\"publisher\":{\"@id\":\"https:\\\/\\\/saintpierredemejans.com\\\/#organization\"},\"image\":{\"@id\":\"https:\\\/\\\/saintpierredemejans.com\\\/atelier-plantes-et-bien-etre\\\/#primaryimage\"},\"thumbnailUrl\":\"https:\\\/\\\/saintpierredemejans.com\\\/wp-content\\\/uploads\\\/2023\\\/03\\\/Ateliers-PLants-25-mars-2023-266x300.png\",\"articleSection\":[\"Mejans\"],\"inLanguage\":\"en-GB\",\"potentialAction\":[{\"@type\":\"CommentAction\",\"name\":\"Comment\",\"target\":[\"https:\\\/\\\/saintpierredemejans.com\\\/atelier-plantes-et-bien-etre\\\/#respond\"]}]},{\"@type\":\"WebPage\",\"@id\":\"https:\\\/\\\/saintpierredemejans.com\\\/atelier-plantes-et-bien-etre\\\/\",\"url\":\"https:\\\/\\\/saintpierredemejans.com\\\/atelier-plantes-et-bien-etre\\\/\",\"name\":\"ATELIER PLANTES ET BIEN-\u00caTRE | Ch\u00e2teau Saint-Pierre de Mejans | Vignoble\",\"isPartOf\":{\"@id\":\"https:\\\/\\\/saintpierredemejans.com\\\/#website\"},\"primaryImageOfPage\":{\"@id\":\"https:\\\/\\\/saintpierredemejans.com\\\/atelier-plantes-et-bien-etre\\\/#primaryimage\"},\"image\":{\"@id\":\"https:\\\/\\\/saintpierredemejans.com\\\/atelier-plantes-et-bien-etre\\\/#primaryimage\"},\"thumbnailUrl\":\"https:\\\/\\\/saintpierredemejans.com\\\/wp-content\\\/uploads\\\/2023\\\/03\\\/Ateliers-PLants-25-mars-2023-266x300.png\",\"datePublished\":\"2023-03-24T08:47:35+00:00\",\"breadcrumb\":{\"@id\":\"https:\\\/\\\/saintpierredemejans.com\\\/atelier-plantes-et-bien-etre\\\/#breadcrumb\"},\"inLanguage\":\"en-GB\",\"potentialAction\":[{\"@type\":\"ReadAction\",\"target\":[\"https:\\\/\\\/saintpierredemejans.com\\\/atelier-plantes-et-bien-etre\\\/\"]}]},{\"@type\":\"ImageObject\",\"inLanguage\":\"en-GB\",\"@id\":\"https:\\\/\\\/saintpierredemejans.com\\\/atelier-plantes-et-bien-etre\\\/#primaryimage\",\"url\":\"https:\\\/\\\/saintpierredemejans.com\\\/wp-content\\\/uploads\\\/2023\\\/03\\\/Ateliers-PLants-25-mars-2023-266x300.png\",\"contentUrl\":\"https:\\\/\\\/saintpierredemejans.com\\\/wp-content\\\/uploads\\\/2023\\\/03\\\/Ateliers-PLants-25-mars-2023-266x300.png\"},{\"@type\":\"BreadcrumbList\",\"@id\":\"https:\\\/\\\/saintpierredemejans.com\\\/atelier-plantes-et-bien-etre\\\/#breadcrumb\",\"itemListElement\":[{\"@type\":\"ListItem\",\"position\":1,\"name\":\"Home\",\"item\":\"https:\\\/\\\/saintpierredemejans.com\\\/\"},{\"@type\":\"ListItem\",\"position\":2,\"name\":\"ATELIER PLANTES ET BIEN-\u00caTRE\"}]},{\"@type\":\"WebSite\",\"@id\":\"https:\\\/\\\/saintpierredemejans.com\\\/#website\",\"url\":\"https:\\\/\\\/saintpierredemejans.com\\\/\",\"name\":\"Ch\u00e2teau Saint-Pierre de Mejans | Vignoble\",\"description\":\"ch\u00e2teau vignoble\",\"publisher\":{\"@id\":\"https:\\\/\\\/saintpierredemejans.com\\\/#organization\"},\"potentialAction\":[{\"@type\":\"SearchAction\",\"target\":{\"@type\":\"EntryPoint\",\"urlTemplate\":\"https:\\\/\\\/saintpierredemejans.com\\\/?s={search_term_string}\"},\"query-input\":{\"@type\":\"PropertyValueSpecification\",\"valueRequired\":true,\"valueName\":\"search_term_string\"}}],\"inLanguage\":\"en-GB\"},{\"@type\":\"Organization\",\"@id\":\"https:\\\/\\\/saintpierredemejans.com\\\/#organization\",\"name\":\"Ch\u00e2teau Saint-Pierre de Mejans | Vignoble dans le Lub\u00e9ron\",\"url\":\"https:\\\/\\\/saintpierredemejans.com\\\/\",\"logo\":{\"@type\":\"ImageObject\",\"inLanguage\":\"en-GB\",\"@id\":\"https:\\\/\\\/saintpierredemejans.com\\\/#\\\/schema\\\/logo\\\/image\\\/\",\"url\":\"https:\\\/\\\/saintpierredemejans.com\\\/wp-content\\\/uploads\\\/2021\\\/08\\\/favicon-1.png\",\"contentUrl\":\"https:\\\/\\\/saintpierredemejans.com\\\/wp-content\\\/uploads\\\/2021\\\/08\\\/favicon-1.png\",\"width\":822,\"height\":822,\"caption\":\"Ch\u00e2teau Saint-Pierre de Mejans | Vignoble dans le Lub\u00e9ron\"},\"image\":{\"@id\":\"https:\\\/\\\/saintpierredemejans.com\\\/#\\\/schema\\\/logo\\\/image\\\/\"}},{\"@type\":\"Person\",\"@id\":\"https:\\\/\\\/saintpierredemejans.com\\\/#\\\/schema\\\/person\\\/16414051a46156ebaff8b15c497bead7\",\"name\":\"contact@saintpierredemejans.com\",\"image\":{\"@type\":\"ImageObject\",\"inLanguage\":\"en-GB\",\"@id\":\"https:\\\/\\\/secure.gravatar.com\\\/avatar\\\/6b6a057c8693ad7323f985f5e6a9d4e42936ec1b8b3f795936dce1182f556b96?s=96&d=mm&r=g\",\"url\":\"https:\\\/\\\/secure.gravatar.com\\\/avatar\\\/6b6a057c8693ad7323f985f5e6a9d4e42936ec1b8b3f795936dce1182f556b96?s=96&d=mm&r=g\",\"contentUrl\":\"https:\\\/\\\/secure.gravatar.com\\\/avatar\\\/6b6a057c8693ad7323f985f5e6a9d4e42936ec1b8b3f795936dce1182f556b96?s=96&d=mm&r=g\",\"caption\":\"contact@saintpierredemejans.com\"}}]}<\/script>\n<!-- \/ Yoast SEO plugin. -->","yoast_head_json":{"title":"PLANTS AND WELL-BEING WORKSHOP | Ch\u00e2teau Saint-Pierre de Mejans | Vineyard","robots":{"index":"index","follow":"follow","max-snippet":"max-snippet:-1","max-image-preview":"max-image-preview:large","max-video-preview":"max-video-preview:-1"},"canonical":"https:\/\/saintpierredemejans.com\/en\/plants-and-well-being-workshop\/","og_locale":"en_GB","og_type":"article","og_title":"ATELIER PLANTES ET BIEN-\u00caTRE | Ch\u00e2teau Saint-Pierre de Mejans | Vignoble","og_description":"Nous sommes ravis d&rsquo;accueillir Coralie Imhoff au ch\u00e2teau le samedi 25 mars de 14h \u00e0 16h pour un atelier sur les plantes et le bien-\u00eatre. Au cours de cette session limit\u00e9e \u00e0 10 participants, elle partagera ses connaissances de naturopathe sur l&rsquo;identification de certaines plantes b\u00e9n\u00e9fiques pour la sant\u00e9, la cr\u00e9ation de tisanes et avec [&hellip;]","og_url":"https:\/\/saintpierredemejans.com\/en\/plants-and-well-being-workshop\/","og_site_name":"Ch\u00e2teau Saint-Pierre de Mejans | Vignoble","article_published_time":"2023-03-24T08:47:35+00:00","og_image":[{"url":"https:\/\/saintpierredemejans.com\/wp-content\/uploads\/2023\/03\/Ateliers-PLants-25-mars-2023-266x300.png","type":"","width":"","height":""}],"author":"contact@saintpierredemejans.com","twitter_card":"summary_large_image","twitter_misc":{"Written by":"contact@saintpierredemejans.com","Estimated reading time":"1 minute"},"schema":{"@context":"https:\/\/schema.org","@graph":[{"@type":"Article","@id":"https:\/\/saintpierredemejans.com\/atelier-plantes-et-bien-etre\/#article","isPartOf":{"@id":"https:\/\/saintpierredemejans.com\/atelier-plantes-et-bien-etre\/"},"author":{"name":"contact@saintpierredemejans.com","@id":"https:\/\/saintpierredemejans.com\/#\/schema\/person\/16414051a46156ebaff8b15c497bead7"},"headline":"ATELIER PLANTES ET BIEN-\u00caTRE","datePublished":"2023-03-24T08:47:35+00:00","mainEntityOfPage":{"@id":"https:\/\/saintpierredemejans.com\/atelier-plantes-et-bien-etre\/"},"wordCount":96,"commentCount":0,"publisher":{"@id":"https:\/\/saintpierredemejans.com\/#organization"},"image":{"@id":"https:\/\/saintpierredemejans.com\/atelier-plantes-et-bien-etre\/#primaryimage"},"thumbnailUrl":"https:\/\/saintpierredemejans.com\/wp-content\/uploads\/2023\/03\/Ateliers-PLants-25-mars-2023-266x300.png","articleSection":["Mejans"],"inLanguage":"en-GB","potentialAction":[{"@type":"CommentAction","name":"Comment","target":["https:\/\/saintpierredemejans.com\/atelier-plantes-et-bien-etre\/#respond"]}]},{"@type":"WebPage","@id":"https:\/\/saintpierredemejans.com\/atelier-plantes-et-bien-etre\/","url":"https:\/\/saintpierredemejans.com\/atelier-plantes-et-bien-etre\/","name":"PLANTS AND WELL-BEING WORKSHOP | Ch\u00e2teau Saint-Pierre de Mejans | Vineyard","isPartOf":{"@id":"https:\/\/saintpierredemejans.com\/#website"},"primaryImageOfPage":{"@id":"https:\/\/saintpierredemejans.com\/atelier-plantes-et-bien-etre\/#primaryimage"},"image":{"@id":"https:\/\/saintpierredemejans.com\/atelier-plantes-et-bien-etre\/#primaryimage"},"thumbnailUrl":"https:\/\/saintpierredemejans.com\/wp-content\/uploads\/2023\/03\/Ateliers-PLants-25-mars-2023-266x300.png","datePublished":"2023-03-24T08:47:35+00:00","breadcrumb":{"@id":"https:\/\/saintpierredemejans.com\/atelier-plantes-et-bien-etre\/#breadcrumb"},"inLanguage":"en-GB","potentialAction":[{"@type":"ReadAction","target":["https:\/\/saintpierredemejans.com\/atelier-plantes-et-bien-etre\/"]}]},{"@type":"ImageObject","inLanguage":"en-GB","@id":"https:\/\/saintpierredemejans.com\/atelier-plantes-et-bien-etre\/#primaryimage","url":"https:\/\/saintpierredemejans.com\/wp-content\/uploads\/2023\/03\/Ateliers-PLants-25-mars-2023-266x300.png","contentUrl":"https:\/\/saintpierredemejans.com\/wp-content\/uploads\/2023\/03\/Ateliers-PLants-25-mars-2023-266x300.png"},{"@type":"BreadcrumbList","@id":"https:\/\/saintpierredemejans.com\/atelier-plantes-et-bien-etre\/#breadcrumb","itemListElement":[{"@type":"ListItem","position":1,"name":"Home","item":"https:\/\/saintpierredemejans.com\/"},{"@type":"ListItem","position":2,"name":"ATELIER PLANTES ET BIEN-\u00caTRE"}]},{"@type":"WebSite","@id":"https:\/\/saintpierredemejans.com\/#website","url":"https:\/\/saintpierredemejans.com\/","name":"Ch\u00e2teau Saint-Pierre de Mejans | Vineyard","description":"chateau vineyard","publisher":{"@id":"https:\/\/saintpierredemejans.com\/#organization"},"potentialAction":[{"@type":"SearchAction","target":{"@type":"EntryPoint","urlTemplate":"https:\/\/saintpierredemejans.com\/?s={search_term_string}"},"query-input":{"@type":"PropertyValueSpecification","valueRequired":true,"valueName":"search_term_string"}}],"inLanguage":"en-GB"},{"@type":"Organization","@id":"https:\/\/saintpierredemejans.com\/#organization","name":"Ch\u00e2teau Saint-Pierre de Mejans | Vineyard in the Lub\u00e9ron","url":"https:\/\/saintpierredemejans.com\/","logo":{"@type":"ImageObject","inLanguage":"en-GB","@id":"https:\/\/saintpierredemejans.com\/#\/schema\/logo\/image\/","url":"https:\/\/saintpierredemejans.com\/wp-content\/uploads\/2021\/08\/favicon-1.png","contentUrl":"https:\/\/saintpierredemejans.com\/wp-content\/uploads\/2021\/08\/favicon-1.png","width":822,"height":822,"caption":"Ch\u00e2teau Saint-Pierre de Mejans | Vignoble dans le Lub\u00e9ron"},"image":{"@id":"https:\/\/saintpierredemejans.com\/#\/schema\/logo\/image\/"}},{"@type":"Person","@id":"https:\/\/saintpierredemejans.com\/#\/schema\/person\/16414051a46156ebaff8b15c497bead7","name":"contact@saintpierredemejans.com","image":{"@type":"ImageObject","inLanguage":"en-GB","@id":"https:\/\/secure.gravatar.com\/avatar\/6b6a057c8693ad7323f985f5e6a9d4e42936ec1b8b3f795936dce1182f556b96?s=96&d=mm&r=g","url":"https:\/\/secure.gravatar.com\/avatar\/6b6a057c8693ad7323f985f5e6a9d4e42936ec1b8b3f795936dce1182f556b96?s=96&d=mm&r=g","contentUrl":"https:\/\/secure.gravatar.com\/avatar\/6b6a057c8693ad7323f985f5e6a9d4e42936ec1b8b3f795936dce1182f556b96?s=96&d=mm&r=g","caption":"contact@saintpierredemejans.com"}}]}},"_links":{"self":[{"href":"https:\/\/saintpierredemejans.com\/en\/wp-json\/wp\/v2\/posts\/3142","targetHints":{"allow":["GET"]}}],"collection":[{"href":"https:\/\/saintpierredemejans.com\/en\/wp-json\/wp\/v2\/posts"}],"about":[{"href":"https:\/\/saintpierredemejans.com\/en\/wp-json\/wp\/v2\/types\/post"}],"author":[{"embeddable":true,"href":"https:\/\/saintpierredemejans.com\/en\/wp-json\/wp\/v2\/users\/3"}],"replies":[{"embeddable":true,"href":"https:\/\/saintpierredemejans.com\/en\/wp-json\/wp\/v2\/comments?post=3142"}],"version-history":[{"count":0,"href":"https:\/\/saintpierredemejans.com\/en\/wp-json\/wp\/v2\/posts\/3142\/revisions"}],"wp:attachment":[{"href":"https:\/\/saintpierredemejans.com\/en\/wp-json\/wp\/v2\/media?parent=3142"}],"wp:term":[{"taxonomy":"category","embeddable":true,"href":"https:\/\/saintpierredemejans.com\/en\/wp-json\/wp\/v2\/categories?post=3142"},{"taxonomy":"post_tag","embeddable":true,"href":"https:\/\/saintpierredemejans.com\/en\/wp-json\/wp\/v2\/tags?post=3142"}],"curies":[{"name":"wp","href":"https:\/\/api.w.org\/{rel}","templated":true}]}}