{"id":3147,"date":"2023-03-24T10:05:48","date_gmt":"2023-03-24T09:05:48","guid":{"rendered":"https:\/\/saintpierredemejans.com\/?p=3147"},"modified":"2023-03-24T10:05:48","modified_gmt":"2023-03-24T09:05:48","slug":"dete-2023-concerts-at-the-chateau","status":"publish","type":"post","link":"https:\/\/saintpierredemejans.com\/en\/concerts-dete-2023-au-chateau\/","title":{"rendered":"SUMMER CONCERTS 2023 AT THE CHATEAU"},"content":{"rendered":"<p><img loading=\"lazy\" decoding=\"async\" class=\"size-medium wp-image-3145 alignleft\" src=\"https:\/\/saintpierredemejans.com\/wp-content\/uploads\/2023\/03\/Guerrero-concert2-242x300.png\" alt=\"\" width=\"242\" height=\"300\" \/>Once again this year, we are delighted to be taking part in the Musicales dans les Vignes with three concerts at the ch\u00e2teau. The concerts take place outdoors in the grounds or courtyard of the ch\u00e2teau and each guest is welcomed with a glass of our Ros\u00e9 Cuv\u00e9e 1118. Several catering options will also be available.<\/p>\n<p>Below is the list of concerts scheduled for this summer:<\/p>\n<ul>\n<li>8 June - New Orleans Jazz with Michel Pellegrino<\/li>\n<li>11 July - Opera Carmen with Fr\u00e9d\u00e9ric Chatoux, solo flautist with the Paris Opera, accompanied by pianist Lutxi Nesprias<\/li>\n<li>24 August - Alexandre Guerrero, Spanish tenor (who everyone loved at the ch\u00e2teau last year!)<\/li>\n<\/ul>\n<p>Tickets will be available at www.fnacspectacles.com.<\/p>","protected":false},"excerpt":{"rendered":"<p>Cette ann\u00e9e encore, nous sommes heureux de participer aux Musicales dans les Vignes avec trois concerts au ch\u00e2teau. Les concerts se d\u00e9roulent en plein air sur le terrain ou dans la cour du ch\u00e2teau et chaque invit\u00e9 est accueilli avec un verre de notre Ros\u00e9 Cuv\u00e9e 1118. Plusieurs options de restauration seront \u00e9galement disponibles. Vous [&hellip;]<\/p>\n","protected":false},"author":3,"featured_media":0,"comment_status":"open","ping_status":"open","sticky":false,"template":"","format":"standard","meta":{"_yoast_wpseo_focuskw":"","_yoast_wpseo_title":"","_yoast_wpseo_metadesc":"","_yoast_wpseo_opengraph-title":"","_yoast_wpseo_opengraph-image":"","_yoast_wpseo_twitter-title":"","_yoast_wpseo_twitter-image":"","_et_pb_use_builder":"","_et_pb_old_content":"","_et_gb_content_width":"","footnotes":""},"categories":[1],"tags":[],"class_list":["post-3147","post","type-post","status-publish","format-standard","hentry","category-mejans"],"yoast_head":"<!-- This site is optimized with the Yoast SEO plugin v27.4 - https:\/\/yoast.com\/product\/yoast-seo-wordpress\/ -->\n<title>CONCERTS D&#039;ETE 2023 AU CHATEAU | Ch\u00e2teau Saint-Pierre de Mejans | Vignoble<\/title>\n<meta name=\"robots\" content=\"index, follow, max-snippet:-1, max-image-preview:large, max-video-preview:-1\" \/>\n<link rel=\"canonical\" href=\"https:\/\/saintpierredemejans.com\/en\/dete-2023-concerts-at-the-chateau\/\" \/>\n<meta property=\"og:locale\" content=\"en_GB\" \/>\n<meta property=\"og:type\" content=\"article\" \/>\n<meta property=\"og:title\" content=\"CONCERTS D&#039;ETE 2023 AU CHATEAU | Ch\u00e2teau Saint-Pierre de Mejans | Vignoble\" \/>\n<meta property=\"og:description\" content=\"Cette ann\u00e9e encore, nous sommes heureux de participer aux Musicales dans les Vignes avec trois concerts au ch\u00e2teau. Les concerts se d\u00e9roulent en plein air sur le terrain ou dans la cour du ch\u00e2teau et chaque invit\u00e9 est accueilli avec un verre de notre Ros\u00e9 Cuv\u00e9e 1118. Plusieurs options de restauration seront \u00e9galement disponibles. Vous [&hellip;]\" \/>\n<meta property=\"og:url\" content=\"https:\/\/saintpierredemejans.com\/en\/dete-2023-concerts-at-the-chateau\/\" \/>\n<meta property=\"og:site_name\" content=\"Ch\u00e2teau Saint-Pierre de Mejans | Vignoble\" \/>\n<meta property=\"article:published_time\" content=\"2023-03-24T09:05:48+00:00\" \/>\n<meta property=\"og:image\" content=\"https:\/\/saintpierredemejans.com\/wp-content\/uploads\/2023\/03\/Guerrero-concert2-242x300.png\" \/>\n<meta name=\"author\" content=\"contact@saintpierredemejans.com\" \/>\n<meta name=\"twitter:card\" content=\"summary_large_image\" \/>\n<meta name=\"twitter:label1\" content=\"Written by\" \/>\n\t<meta name=\"twitter:data1\" content=\"contact@saintpierredemejans.com\" \/>\n\t<meta name=\"twitter:label2\" content=\"Estimated reading time\" \/>\n\t<meta name=\"twitter:data2\" content=\"1 minute\" \/>\n<script type=\"application\/ld+json\" class=\"yoast-schema-graph\">{\"@context\":\"https:\\\/\\\/schema.org\",\"@graph\":[{\"@type\":\"Article\",\"@id\":\"https:\\\/\\\/saintpierredemejans.com\\\/concerts-dete-2023-au-chateau\\\/#article\",\"isPartOf\":{\"@id\":\"https:\\\/\\\/saintpierredemejans.com\\\/concerts-dete-2023-au-chateau\\\/\"},\"author\":{\"name\":\"contact@saintpierredemejans.com\",\"@id\":\"https:\\\/\\\/saintpierredemejans.com\\\/#\\\/schema\\\/person\\\/16414051a46156ebaff8b15c497bead7\"},\"headline\":\"CONCERTS D&rsquo;ETE 2023 AU CHATEAU\",\"datePublished\":\"2023-03-24T09:05:48+00:00\",\"mainEntityOfPage\":{\"@id\":\"https:\\\/\\\/saintpierredemejans.com\\\/concerts-dete-2023-au-chateau\\\/\"},\"wordCount\":137,\"commentCount\":0,\"publisher\":{\"@id\":\"https:\\\/\\\/saintpierredemejans.com\\\/#organization\"},\"image\":{\"@id\":\"https:\\\/\\\/saintpierredemejans.com\\\/concerts-dete-2023-au-chateau\\\/#primaryimage\"},\"thumbnailUrl\":\"https:\\\/\\\/saintpierredemejans.com\\\/wp-content\\\/uploads\\\/2023\\\/03\\\/Guerrero-concert2-242x300.png\",\"articleSection\":[\"Mejans\"],\"inLanguage\":\"en-GB\",\"potentialAction\":[{\"@type\":\"CommentAction\",\"name\":\"Comment\",\"target\":[\"https:\\\/\\\/saintpierredemejans.com\\\/concerts-dete-2023-au-chateau\\\/#respond\"]}]},{\"@type\":\"WebPage\",\"@id\":\"https:\\\/\\\/saintpierredemejans.com\\\/concerts-dete-2023-au-chateau\\\/\",\"url\":\"https:\\\/\\\/saintpierredemejans.com\\\/concerts-dete-2023-au-chateau\\\/\",\"name\":\"CONCERTS D'ETE 2023 AU CHATEAU | Ch\u00e2teau Saint-Pierre de Mejans | Vignoble\",\"isPartOf\":{\"@id\":\"https:\\\/\\\/saintpierredemejans.com\\\/#website\"},\"primaryImageOfPage\":{\"@id\":\"https:\\\/\\\/saintpierredemejans.com\\\/concerts-dete-2023-au-chateau\\\/#primaryimage\"},\"image\":{\"@id\":\"https:\\\/\\\/saintpierredemejans.com\\\/concerts-dete-2023-au-chateau\\\/#primaryimage\"},\"thumbnailUrl\":\"https:\\\/\\\/saintpierredemejans.com\\\/wp-content\\\/uploads\\\/2023\\\/03\\\/Guerrero-concert2-242x300.png\",\"datePublished\":\"2023-03-24T09:05:48+00:00\",\"breadcrumb\":{\"@id\":\"https:\\\/\\\/saintpierredemejans.com\\\/concerts-dete-2023-au-chateau\\\/#breadcrumb\"},\"inLanguage\":\"en-GB\",\"potentialAction\":[{\"@type\":\"ReadAction\",\"target\":[\"https:\\\/\\\/saintpierredemejans.com\\\/concerts-dete-2023-au-chateau\\\/\"]}]},{\"@type\":\"ImageObject\",\"inLanguage\":\"en-GB\",\"@id\":\"https:\\\/\\\/saintpierredemejans.com\\\/concerts-dete-2023-au-chateau\\\/#primaryimage\",\"url\":\"https:\\\/\\\/saintpierredemejans.com\\\/wp-content\\\/uploads\\\/2023\\\/03\\\/Guerrero-concert2-242x300.png\",\"contentUrl\":\"https:\\\/\\\/saintpierredemejans.com\\\/wp-content\\\/uploads\\\/2023\\\/03\\\/Guerrero-concert2-242x300.png\"},{\"@type\":\"BreadcrumbList\",\"@id\":\"https:\\\/\\\/saintpierredemejans.com\\\/concerts-dete-2023-au-chateau\\\/#breadcrumb\",\"itemListElement\":[{\"@type\":\"ListItem\",\"position\":1,\"name\":\"Home\",\"item\":\"https:\\\/\\\/saintpierredemejans.com\\\/\"},{\"@type\":\"ListItem\",\"position\":2,\"name\":\"CONCERTS D&rsquo;ETE 2023 AU CHATEAU\"}]},{\"@type\":\"WebSite\",\"@id\":\"https:\\\/\\\/saintpierredemejans.com\\\/#website\",\"url\":\"https:\\\/\\\/saintpierredemejans.com\\\/\",\"name\":\"Ch\u00e2teau Saint-Pierre de Mejans | Vignoble\",\"description\":\"ch\u00e2teau vignoble\",\"publisher\":{\"@id\":\"https:\\\/\\\/saintpierredemejans.com\\\/#organization\"},\"potentialAction\":[{\"@type\":\"SearchAction\",\"target\":{\"@type\":\"EntryPoint\",\"urlTemplate\":\"https:\\\/\\\/saintpierredemejans.com\\\/?s={search_term_string}\"},\"query-input\":{\"@type\":\"PropertyValueSpecification\",\"valueRequired\":true,\"valueName\":\"search_term_string\"}}],\"inLanguage\":\"en-GB\"},{\"@type\":\"Organization\",\"@id\":\"https:\\\/\\\/saintpierredemejans.com\\\/#organization\",\"name\":\"Ch\u00e2teau Saint-Pierre de Mejans | Vignoble dans le Lub\u00e9ron\",\"url\":\"https:\\\/\\\/saintpierredemejans.com\\\/\",\"logo\":{\"@type\":\"ImageObject\",\"inLanguage\":\"en-GB\",\"@id\":\"https:\\\/\\\/saintpierredemejans.com\\\/#\\\/schema\\\/logo\\\/image\\\/\",\"url\":\"https:\\\/\\\/saintpierredemejans.com\\\/wp-content\\\/uploads\\\/2021\\\/08\\\/favicon-1.png\",\"contentUrl\":\"https:\\\/\\\/saintpierredemejans.com\\\/wp-content\\\/uploads\\\/2021\\\/08\\\/favicon-1.png\",\"width\":822,\"height\":822,\"caption\":\"Ch\u00e2teau Saint-Pierre de Mejans | Vignoble dans le Lub\u00e9ron\"},\"image\":{\"@id\":\"https:\\\/\\\/saintpierredemejans.com\\\/#\\\/schema\\\/logo\\\/image\\\/\"}},{\"@type\":\"Person\",\"@id\":\"https:\\\/\\\/saintpierredemejans.com\\\/#\\\/schema\\\/person\\\/16414051a46156ebaff8b15c497bead7\",\"name\":\"contact@saintpierredemejans.com\",\"image\":{\"@type\":\"ImageObject\",\"inLanguage\":\"en-GB\",\"@id\":\"https:\\\/\\\/secure.gravatar.com\\\/avatar\\\/6b6a057c8693ad7323f985f5e6a9d4e42936ec1b8b3f795936dce1182f556b96?s=96&d=mm&r=g\",\"url\":\"https:\\\/\\\/secure.gravatar.com\\\/avatar\\\/6b6a057c8693ad7323f985f5e6a9d4e42936ec1b8b3f795936dce1182f556b96?s=96&d=mm&r=g\",\"contentUrl\":\"https:\\\/\\\/secure.gravatar.com\\\/avatar\\\/6b6a057c8693ad7323f985f5e6a9d4e42936ec1b8b3f795936dce1182f556b96?s=96&d=mm&r=g\",\"caption\":\"contact@saintpierredemejans.com\"}}]}<\/script>\n<!-- \/ Yoast SEO plugin. -->","yoast_head_json":{"title":"SUMMER CONCERTS 2023 AT THE CHATEAU | Ch\u00e2teau Saint-Pierre de Mejans | Vignoble","robots":{"index":"index","follow":"follow","max-snippet":"max-snippet:-1","max-image-preview":"max-image-preview:large","max-video-preview":"max-video-preview:-1"},"canonical":"https:\/\/saintpierredemejans.com\/en\/dete-2023-concerts-at-the-chateau\/","og_locale":"en_GB","og_type":"article","og_title":"CONCERTS D'ETE 2023 AU CHATEAU | Ch\u00e2teau Saint-Pierre de Mejans | Vignoble","og_description":"Cette ann\u00e9e encore, nous sommes heureux de participer aux Musicales dans les Vignes avec trois concerts au ch\u00e2teau. Les concerts se d\u00e9roulent en plein air sur le terrain ou dans la cour du ch\u00e2teau et chaque invit\u00e9 est accueilli avec un verre de notre Ros\u00e9 Cuv\u00e9e 1118. Plusieurs options de restauration seront \u00e9galement disponibles. Vous [&hellip;]","og_url":"https:\/\/saintpierredemejans.com\/en\/dete-2023-concerts-at-the-chateau\/","og_site_name":"Ch\u00e2teau Saint-Pierre de Mejans | Vignoble","article_published_time":"2023-03-24T09:05:48+00:00","og_image":[{"url":"https:\/\/saintpierredemejans.com\/wp-content\/uploads\/2023\/03\/Guerrero-concert2-242x300.png","type":"","width":"","height":""}],"author":"contact@saintpierredemejans.com","twitter_card":"summary_large_image","twitter_misc":{"Written by":"contact@saintpierredemejans.com","Estimated reading time":"1 minute"},"schema":{"@context":"https:\/\/schema.org","@graph":[{"@type":"Article","@id":"https:\/\/saintpierredemejans.com\/concerts-dete-2023-au-chateau\/#article","isPartOf":{"@id":"https:\/\/saintpierredemejans.com\/concerts-dete-2023-au-chateau\/"},"author":{"name":"contact@saintpierredemejans.com","@id":"https:\/\/saintpierredemejans.com\/#\/schema\/person\/16414051a46156ebaff8b15c497bead7"},"headline":"CONCERTS D&rsquo;ETE 2023 AU CHATEAU","datePublished":"2023-03-24T09:05:48+00:00","mainEntityOfPage":{"@id":"https:\/\/saintpierredemejans.com\/concerts-dete-2023-au-chateau\/"},"wordCount":137,"commentCount":0,"publisher":{"@id":"https:\/\/saintpierredemejans.com\/#organization"},"image":{"@id":"https:\/\/saintpierredemejans.com\/concerts-dete-2023-au-chateau\/#primaryimage"},"thumbnailUrl":"https:\/\/saintpierredemejans.com\/wp-content\/uploads\/2023\/03\/Guerrero-concert2-242x300.png","articleSection":["Mejans"],"inLanguage":"en-GB","potentialAction":[{"@type":"CommentAction","name":"Comment","target":["https:\/\/saintpierredemejans.com\/concerts-dete-2023-au-chateau\/#respond"]}]},{"@type":"WebPage","@id":"https:\/\/saintpierredemejans.com\/concerts-dete-2023-au-chateau\/","url":"https:\/\/saintpierredemejans.com\/concerts-dete-2023-au-chateau\/","name":"SUMMER CONCERTS 2023 AT THE CHATEAU | Ch\u00e2teau Saint-Pierre de Mejans | Vignoble","isPartOf":{"@id":"https:\/\/saintpierredemejans.com\/#website"},"primaryImageOfPage":{"@id":"https:\/\/saintpierredemejans.com\/concerts-dete-2023-au-chateau\/#primaryimage"},"image":{"@id":"https:\/\/saintpierredemejans.com\/concerts-dete-2023-au-chateau\/#primaryimage"},"thumbnailUrl":"https:\/\/saintpierredemejans.com\/wp-content\/uploads\/2023\/03\/Guerrero-concert2-242x300.png","datePublished":"2023-03-24T09:05:48+00:00","breadcrumb":{"@id":"https:\/\/saintpierredemejans.com\/concerts-dete-2023-au-chateau\/#breadcrumb"},"inLanguage":"en-GB","potentialAction":[{"@type":"ReadAction","target":["https:\/\/saintpierredemejans.com\/concerts-dete-2023-au-chateau\/"]}]},{"@type":"ImageObject","inLanguage":"en-GB","@id":"https:\/\/saintpierredemejans.com\/concerts-dete-2023-au-chateau\/#primaryimage","url":"https:\/\/saintpierredemejans.com\/wp-content\/uploads\/2023\/03\/Guerrero-concert2-242x300.png","contentUrl":"https:\/\/saintpierredemejans.com\/wp-content\/uploads\/2023\/03\/Guerrero-concert2-242x300.png"},{"@type":"BreadcrumbList","@id":"https:\/\/saintpierredemejans.com\/concerts-dete-2023-au-chateau\/#breadcrumb","itemListElement":[{"@type":"ListItem","position":1,"name":"Home","item":"https:\/\/saintpierredemejans.com\/"},{"@type":"ListItem","position":2,"name":"CONCERTS D&rsquo;ETE 2023 AU CHATEAU"}]},{"@type":"WebSite","@id":"https:\/\/saintpierredemejans.com\/#website","url":"https:\/\/saintpierredemejans.com\/","name":"Ch\u00e2teau Saint-Pierre de Mejans | Vineyard","description":"chateau vineyard","publisher":{"@id":"https:\/\/saintpierredemejans.com\/#organization"},"potentialAction":[{"@type":"SearchAction","target":{"@type":"EntryPoint","urlTemplate":"https:\/\/saintpierredemejans.com\/?s={search_term_string}"},"query-input":{"@type":"PropertyValueSpecification","valueRequired":true,"valueName":"search_term_string"}}],"inLanguage":"en-GB"},{"@type":"Organization","@id":"https:\/\/saintpierredemejans.com\/#organization","name":"Ch\u00e2teau Saint-Pierre de Mejans | Vineyard in the Lub\u00e9ron","url":"https:\/\/saintpierredemejans.com\/","logo":{"@type":"ImageObject","inLanguage":"en-GB","@id":"https:\/\/saintpierredemejans.com\/#\/schema\/logo\/image\/","url":"https:\/\/saintpierredemejans.com\/wp-content\/uploads\/2021\/08\/favicon-1.png","contentUrl":"https:\/\/saintpierredemejans.com\/wp-content\/uploads\/2021\/08\/favicon-1.png","width":822,"height":822,"caption":"Ch\u00e2teau Saint-Pierre de Mejans | Vignoble dans le Lub\u00e9ron"},"image":{"@id":"https:\/\/saintpierredemejans.com\/#\/schema\/logo\/image\/"}},{"@type":"Person","@id":"https:\/\/saintpierredemejans.com\/#\/schema\/person\/16414051a46156ebaff8b15c497bead7","name":"contact@saintpierredemejans.com","image":{"@type":"ImageObject","inLanguage":"en-GB","@id":"https:\/\/secure.gravatar.com\/avatar\/6b6a057c8693ad7323f985f5e6a9d4e42936ec1b8b3f795936dce1182f556b96?s=96&d=mm&r=g","url":"https:\/\/secure.gravatar.com\/avatar\/6b6a057c8693ad7323f985f5e6a9d4e42936ec1b8b3f795936dce1182f556b96?s=96&d=mm&r=g","contentUrl":"https:\/\/secure.gravatar.com\/avatar\/6b6a057c8693ad7323f985f5e6a9d4e42936ec1b8b3f795936dce1182f556b96?s=96&d=mm&r=g","caption":"contact@saintpierredemejans.com"}}]}},"_links":{"self":[{"href":"https:\/\/saintpierredemejans.com\/en\/wp-json\/wp\/v2\/posts\/3147","targetHints":{"allow":["GET"]}}],"collection":[{"href":"https:\/\/saintpierredemejans.com\/en\/wp-json\/wp\/v2\/posts"}],"about":[{"href":"https:\/\/saintpierredemejans.com\/en\/wp-json\/wp\/v2\/types\/post"}],"author":[{"embeddable":true,"href":"https:\/\/saintpierredemejans.com\/en\/wp-json\/wp\/v2\/users\/3"}],"replies":[{"embeddable":true,"href":"https:\/\/saintpierredemejans.com\/en\/wp-json\/wp\/v2\/comments?post=3147"}],"version-history":[{"count":0,"href":"https:\/\/saintpierredemejans.com\/en\/wp-json\/wp\/v2\/posts\/3147\/revisions"}],"wp:attachment":[{"href":"https:\/\/saintpierredemejans.com\/en\/wp-json\/wp\/v2\/media?parent=3147"}],"wp:term":[{"taxonomy":"category","embeddable":true,"href":"https:\/\/saintpierredemejans.com\/en\/wp-json\/wp\/v2\/categories?post=3147"},{"taxonomy":"post_tag","embeddable":true,"href":"https:\/\/saintpierredemejans.com\/en\/wp-json\/wp\/v2\/tags?post=3147"}],"curies":[{"name":"wp","href":"https:\/\/api.w.org\/{rel}","templated":true}]}}