{"id":3652,"date":"2023-11-05T09:58:24","date_gmt":"2023-11-05T08:58:24","guid":{"rendered":"https:\/\/saintpierredemejans.com\/?p=3652"},"modified":"2024-01-24T10:45:45","modified_gmt":"2024-01-24T09:45:45","slug":"christmas-market-9-december","status":"publish","type":"post","link":"https:\/\/saintpierredemejans.com\/en\/marche-de-noel-9-decembre\/","title":{"rendered":"Christmas Market - 9 December"},"content":{"rendered":"<p><img loading=\"lazy\" decoding=\"async\" class=\"size-medium wp-image-3653 alignleft\" src=\"https:\/\/saintpierredemejans.com\/wp-content\/uploads\/2023\/11\/Marche-de-Noel-2023-212x300.png\" alt=\"\" width=\"212\" height=\"300\" \/>We are delighted to invite you to our 2nd Christmas Market at the Ch\u00e2teau on Saturday 9 December. \ud83c\udf84<\/p>\n<p>You'll find beautiful gifts for your loved ones, made by local craftspeople who are passionate about their craft:<\/p>\n<ul>\n<li>@so_boheme_cosmetiques<\/li>\n<li>@lamaisondesjus<\/li>\n<li>@roraimaceramics<\/li>\n<li>@sabinewernerjewellery<\/li>\n<li>@l_angetlo<\/li>\n<li>@man.raeth<\/li>\n<li>@laurencevouillemin<\/li>\n<li>@josephine_bougies<\/li>\n<li>@ngotanpierre<\/li>\n<li>@jaubert_pierre<\/li>\n<li>@lartchocolatier<\/li>\n<li>@matilda_parker_ceramics<\/li>\n<li>Les chevrettes de Malo \ud83e\uddc0 \ud83d\udc10<\/li>\n<\/ul>\n<p>And of course, olive oil, honey, walnut aperitif, lavender essence and wines \ud83c\udf77 from the @chateaustpierredemejans estate.<\/p>\n<p>Catering on site.<\/p>\n<p>Free admission.<\/p>\n<p>We look forward to welcoming you to this convivial occasion at the end of the year \ud83c\udf85\ud83e\udd36<\/p>","protected":false},"excerpt":{"rendered":"<p>Nous sommes heureux de vous inviter le Samedi 9 D\u00e9cembre \u00e0 notre 2nd \u00e9dition de notre March\u00e9 de No\u00ebl au ch\u00e2teau. \ud83c\udf84 Vous trouverez de jolis cadeaux pour vos proches faits par des artisans locaux, passionn\u00e9s par leurs m\u00e9tiers tels que: @so_boheme_cosmetiques @lamaisondesjus @roraimaceramics @sabinewernerjewellery @l_angetlo @man.raeth @laurencevouillemin @josephine_bougies @ngotanpierre @jaubert_pierre @lartchocolatier @matilda_parker_ceramics Les chevrettes [&hellip;]<\/p>\n","protected":false},"author":3,"featured_media":3653,"comment_status":"open","ping_status":"open","sticky":false,"template":"","format":"standard","meta":{"_yoast_wpseo_focuskw":"","_yoast_wpseo_title":"","_yoast_wpseo_metadesc":"","_yoast_wpseo_opengraph-title":"","_yoast_wpseo_opengraph-image":"","_yoast_wpseo_twitter-title":"","_yoast_wpseo_twitter-image":"","_et_pb_use_builder":"","_et_pb_old_content":"","_et_gb_content_width":"","footnotes":""},"categories":[1],"tags":[],"class_list":["post-3652","post","type-post","status-publish","format-standard","has-post-thumbnail","hentry","category-mejans"],"yoast_head":"<!-- This site is optimized with the Yoast SEO plugin v27.4 - https:\/\/yoast.com\/product\/yoast-seo-wordpress\/ -->\n<title>March\u00e9 de No\u00ebl - 9 D\u00e9cembre | Ch\u00e2teau Saint-Pierre de Mejans | Vignoble<\/title>\n<meta name=\"robots\" content=\"index, follow, max-snippet:-1, max-image-preview:large, max-video-preview:-1\" \/>\n<link rel=\"canonical\" href=\"https:\/\/saintpierredemejans.com\/en\/christmas-market-9-december\/\" \/>\n<meta property=\"og:locale\" content=\"en_GB\" \/>\n<meta property=\"og:type\" content=\"article\" \/>\n<meta property=\"og:title\" content=\"March\u00e9 de No\u00ebl - 9 D\u00e9cembre | Ch\u00e2teau Saint-Pierre de Mejans | Vignoble\" \/>\n<meta property=\"og:description\" content=\"Nous sommes heureux de vous inviter le Samedi 9 D\u00e9cembre \u00e0 notre 2nd \u00e9dition de notre March\u00e9 de No\u00ebl au ch\u00e2teau. \ud83c\udf84 Vous trouverez de jolis cadeaux pour vos proches faits par des artisans locaux, passionn\u00e9s par leurs m\u00e9tiers tels que: @so_boheme_cosmetiques @lamaisondesjus @roraimaceramics @sabinewernerjewellery @l_angetlo @man.raeth @laurencevouillemin @josephine_bougies @ngotanpierre @jaubert_pierre @lartchocolatier @matilda_parker_ceramics Les chevrettes [&hellip;]\" \/>\n<meta property=\"og:url\" content=\"https:\/\/saintpierredemejans.com\/en\/christmas-market-9-december\/\" \/>\n<meta property=\"og:site_name\" content=\"Ch\u00e2teau Saint-Pierre de Mejans | Vignoble\" \/>\n<meta property=\"article:published_time\" content=\"2023-11-05T08:58:24+00:00\" \/>\n<meta property=\"article:modified_time\" content=\"2024-01-24T09:45:45+00:00\" \/>\n<meta property=\"og:image\" content=\"https:\/\/saintpierredemejans.com\/wp-content\/uploads\/2023\/11\/Marche-de-Noel-2023.png\" \/>\n\t<meta property=\"og:image:width\" content=\"1414\" \/>\n\t<meta property=\"og:image:height\" content=\"2000\" \/>\n\t<meta property=\"og:image:type\" content=\"image\/png\" \/>\n<meta name=\"author\" content=\"contact@saintpierredemejans.com\" \/>\n<meta name=\"twitter:card\" content=\"summary_large_image\" \/>\n<meta name=\"twitter:label1\" content=\"Written by\" \/>\n\t<meta name=\"twitter:data1\" content=\"contact@saintpierredemejans.com\" \/>\n\t<meta name=\"twitter:label2\" content=\"Estimated reading time\" \/>\n\t<meta name=\"twitter:data2\" content=\"1 minute\" \/>\n<script type=\"application\/ld+json\" class=\"yoast-schema-graph\">{\"@context\":\"https:\\\/\\\/schema.org\",\"@graph\":[{\"@type\":\"Article\",\"@id\":\"https:\\\/\\\/saintpierredemejans.com\\\/marche-de-noel-9-decembre\\\/#article\",\"isPartOf\":{\"@id\":\"https:\\\/\\\/saintpierredemejans.com\\\/marche-de-noel-9-decembre\\\/\"},\"author\":{\"name\":\"contact@saintpierredemejans.com\",\"@id\":\"https:\\\/\\\/saintpierredemejans.com\\\/#\\\/schema\\\/person\\\/16414051a46156ebaff8b15c497bead7\"},\"headline\":\"March\u00e9 de No\u00ebl &#8211; 9 D\u00e9cembre\",\"datePublished\":\"2023-11-05T08:58:24+00:00\",\"dateModified\":\"2024-01-24T09:45:45+00:00\",\"mainEntityOfPage\":{\"@id\":\"https:\\\/\\\/saintpierredemejans.com\\\/marche-de-noel-9-decembre\\\/\"},\"wordCount\":115,\"commentCount\":0,\"publisher\":{\"@id\":\"https:\\\/\\\/saintpierredemejans.com\\\/#organization\"},\"image\":{\"@id\":\"https:\\\/\\\/saintpierredemejans.com\\\/marche-de-noel-9-decembre\\\/#primaryimage\"},\"thumbnailUrl\":\"https:\\\/\\\/saintpierredemejans.com\\\/wp-content\\\/uploads\\\/2023\\\/11\\\/Marche-de-Noel-2023.png\",\"articleSection\":[\"Mejans\"],\"inLanguage\":\"en-GB\",\"potentialAction\":[{\"@type\":\"CommentAction\",\"name\":\"Comment\",\"target\":[\"https:\\\/\\\/saintpierredemejans.com\\\/marche-de-noel-9-decembre\\\/#respond\"]}]},{\"@type\":\"WebPage\",\"@id\":\"https:\\\/\\\/saintpierredemejans.com\\\/marche-de-noel-9-decembre\\\/\",\"url\":\"https:\\\/\\\/saintpierredemejans.com\\\/marche-de-noel-9-decembre\\\/\",\"name\":\"March\u00e9 de No\u00ebl - 9 D\u00e9cembre | Ch\u00e2teau Saint-Pierre de Mejans | Vignoble\",\"isPartOf\":{\"@id\":\"https:\\\/\\\/saintpierredemejans.com\\\/#website\"},\"primaryImageOfPage\":{\"@id\":\"https:\\\/\\\/saintpierredemejans.com\\\/marche-de-noel-9-decembre\\\/#primaryimage\"},\"image\":{\"@id\":\"https:\\\/\\\/saintpierredemejans.com\\\/marche-de-noel-9-decembre\\\/#primaryimage\"},\"thumbnailUrl\":\"https:\\\/\\\/saintpierredemejans.com\\\/wp-content\\\/uploads\\\/2023\\\/11\\\/Marche-de-Noel-2023.png\",\"datePublished\":\"2023-11-05T08:58:24+00:00\",\"dateModified\":\"2024-01-24T09:45:45+00:00\",\"breadcrumb\":{\"@id\":\"https:\\\/\\\/saintpierredemejans.com\\\/marche-de-noel-9-decembre\\\/#breadcrumb\"},\"inLanguage\":\"en-GB\",\"potentialAction\":[{\"@type\":\"ReadAction\",\"target\":[\"https:\\\/\\\/saintpierredemejans.com\\\/marche-de-noel-9-decembre\\\/\"]}]},{\"@type\":\"ImageObject\",\"inLanguage\":\"en-GB\",\"@id\":\"https:\\\/\\\/saintpierredemejans.com\\\/marche-de-noel-9-decembre\\\/#primaryimage\",\"url\":\"https:\\\/\\\/saintpierredemejans.com\\\/wp-content\\\/uploads\\\/2023\\\/11\\\/Marche-de-Noel-2023.png\",\"contentUrl\":\"https:\\\/\\\/saintpierredemejans.com\\\/wp-content\\\/uploads\\\/2023\\\/11\\\/Marche-de-Noel-2023.png\",\"width\":1414,\"height\":2000},{\"@type\":\"BreadcrumbList\",\"@id\":\"https:\\\/\\\/saintpierredemejans.com\\\/marche-de-noel-9-decembre\\\/#breadcrumb\",\"itemListElement\":[{\"@type\":\"ListItem\",\"position\":1,\"name\":\"Home\",\"item\":\"https:\\\/\\\/saintpierredemejans.com\\\/\"},{\"@type\":\"ListItem\",\"position\":2,\"name\":\"March\u00e9 de No\u00ebl &#8211; 9 D\u00e9cembre\"}]},{\"@type\":\"WebSite\",\"@id\":\"https:\\\/\\\/saintpierredemejans.com\\\/#website\",\"url\":\"https:\\\/\\\/saintpierredemejans.com\\\/\",\"name\":\"Ch\u00e2teau Saint-Pierre de Mejans | Vignoble\",\"description\":\"ch\u00e2teau vignoble\",\"publisher\":{\"@id\":\"https:\\\/\\\/saintpierredemejans.com\\\/#organization\"},\"potentialAction\":[{\"@type\":\"SearchAction\",\"target\":{\"@type\":\"EntryPoint\",\"urlTemplate\":\"https:\\\/\\\/saintpierredemejans.com\\\/?s={search_term_string}\"},\"query-input\":{\"@type\":\"PropertyValueSpecification\",\"valueRequired\":true,\"valueName\":\"search_term_string\"}}],\"inLanguage\":\"en-GB\"},{\"@type\":\"Organization\",\"@id\":\"https:\\\/\\\/saintpierredemejans.com\\\/#organization\",\"name\":\"Ch\u00e2teau Saint-Pierre de Mejans | Vignoble dans le Lub\u00e9ron\",\"url\":\"https:\\\/\\\/saintpierredemejans.com\\\/\",\"logo\":{\"@type\":\"ImageObject\",\"inLanguage\":\"en-GB\",\"@id\":\"https:\\\/\\\/saintpierredemejans.com\\\/#\\\/schema\\\/logo\\\/image\\\/\",\"url\":\"https:\\\/\\\/saintpierredemejans.com\\\/wp-content\\\/uploads\\\/2021\\\/08\\\/favicon-1.png\",\"contentUrl\":\"https:\\\/\\\/saintpierredemejans.com\\\/wp-content\\\/uploads\\\/2021\\\/08\\\/favicon-1.png\",\"width\":822,\"height\":822,\"caption\":\"Ch\u00e2teau Saint-Pierre de Mejans | Vignoble dans le Lub\u00e9ron\"},\"image\":{\"@id\":\"https:\\\/\\\/saintpierredemejans.com\\\/#\\\/schema\\\/logo\\\/image\\\/\"}},{\"@type\":\"Person\",\"@id\":\"https:\\\/\\\/saintpierredemejans.com\\\/#\\\/schema\\\/person\\\/16414051a46156ebaff8b15c497bead7\",\"name\":\"contact@saintpierredemejans.com\",\"image\":{\"@type\":\"ImageObject\",\"inLanguage\":\"en-GB\",\"@id\":\"https:\\\/\\\/secure.gravatar.com\\\/avatar\\\/6b6a057c8693ad7323f985f5e6a9d4e42936ec1b8b3f795936dce1182f556b96?s=96&d=mm&r=g\",\"url\":\"https:\\\/\\\/secure.gravatar.com\\\/avatar\\\/6b6a057c8693ad7323f985f5e6a9d4e42936ec1b8b3f795936dce1182f556b96?s=96&d=mm&r=g\",\"contentUrl\":\"https:\\\/\\\/secure.gravatar.com\\\/avatar\\\/6b6a057c8693ad7323f985f5e6a9d4e42936ec1b8b3f795936dce1182f556b96?s=96&d=mm&r=g\",\"caption\":\"contact@saintpierredemejans.com\"}}]}<\/script>\n<!-- \/ Yoast SEO plugin. -->","yoast_head_json":{"title":"Christmas Market - 9 December | Ch\u00e2teau Saint-Pierre de Mejans | Vineyard","robots":{"index":"index","follow":"follow","max-snippet":"max-snippet:-1","max-image-preview":"max-image-preview:large","max-video-preview":"max-video-preview:-1"},"canonical":"https:\/\/saintpierredemejans.com\/en\/christmas-market-9-december\/","og_locale":"en_GB","og_type":"article","og_title":"March\u00e9 de No\u00ebl - 9 D\u00e9cembre | Ch\u00e2teau Saint-Pierre de Mejans | Vignoble","og_description":"Nous sommes heureux de vous inviter le Samedi 9 D\u00e9cembre \u00e0 notre 2nd \u00e9dition de notre March\u00e9 de No\u00ebl au ch\u00e2teau. \ud83c\udf84 Vous trouverez de jolis cadeaux pour vos proches faits par des artisans locaux, passionn\u00e9s par leurs m\u00e9tiers tels que: @so_boheme_cosmetiques @lamaisondesjus @roraimaceramics @sabinewernerjewellery @l_angetlo @man.raeth @laurencevouillemin @josephine_bougies @ngotanpierre @jaubert_pierre @lartchocolatier @matilda_parker_ceramics Les chevrettes [&hellip;]","og_url":"https:\/\/saintpierredemejans.com\/en\/christmas-market-9-december\/","og_site_name":"Ch\u00e2teau Saint-Pierre de Mejans | Vignoble","article_published_time":"2023-11-05T08:58:24+00:00","article_modified_time":"2024-01-24T09:45:45+00:00","og_image":[{"width":1414,"height":2000,"url":"https:\/\/saintpierredemejans.com\/wp-content\/uploads\/2023\/11\/Marche-de-Noel-2023.png","type":"image\/png"}],"author":"contact@saintpierredemejans.com","twitter_card":"summary_large_image","twitter_misc":{"Written by":"contact@saintpierredemejans.com","Estimated reading time":"1 minute"},"schema":{"@context":"https:\/\/schema.org","@graph":[{"@type":"Article","@id":"https:\/\/saintpierredemejans.com\/marche-de-noel-9-decembre\/#article","isPartOf":{"@id":"https:\/\/saintpierredemejans.com\/marche-de-noel-9-decembre\/"},"author":{"name":"contact@saintpierredemejans.com","@id":"https:\/\/saintpierredemejans.com\/#\/schema\/person\/16414051a46156ebaff8b15c497bead7"},"headline":"March\u00e9 de No\u00ebl &#8211; 9 D\u00e9cembre","datePublished":"2023-11-05T08:58:24+00:00","dateModified":"2024-01-24T09:45:45+00:00","mainEntityOfPage":{"@id":"https:\/\/saintpierredemejans.com\/marche-de-noel-9-decembre\/"},"wordCount":115,"commentCount":0,"publisher":{"@id":"https:\/\/saintpierredemejans.com\/#organization"},"image":{"@id":"https:\/\/saintpierredemejans.com\/marche-de-noel-9-decembre\/#primaryimage"},"thumbnailUrl":"https:\/\/saintpierredemejans.com\/wp-content\/uploads\/2023\/11\/Marche-de-Noel-2023.png","articleSection":["Mejans"],"inLanguage":"en-GB","potentialAction":[{"@type":"CommentAction","name":"Comment","target":["https:\/\/saintpierredemejans.com\/marche-de-noel-9-decembre\/#respond"]}]},{"@type":"WebPage","@id":"https:\/\/saintpierredemejans.com\/marche-de-noel-9-decembre\/","url":"https:\/\/saintpierredemejans.com\/marche-de-noel-9-decembre\/","name":"Christmas Market - 9 December | Ch\u00e2teau Saint-Pierre de Mejans | Vineyard","isPartOf":{"@id":"https:\/\/saintpierredemejans.com\/#website"},"primaryImageOfPage":{"@id":"https:\/\/saintpierredemejans.com\/marche-de-noel-9-decembre\/#primaryimage"},"image":{"@id":"https:\/\/saintpierredemejans.com\/marche-de-noel-9-decembre\/#primaryimage"},"thumbnailUrl":"https:\/\/saintpierredemejans.com\/wp-content\/uploads\/2023\/11\/Marche-de-Noel-2023.png","datePublished":"2023-11-05T08:58:24+00:00","dateModified":"2024-01-24T09:45:45+00:00","breadcrumb":{"@id":"https:\/\/saintpierredemejans.com\/marche-de-noel-9-decembre\/#breadcrumb"},"inLanguage":"en-GB","potentialAction":[{"@type":"ReadAction","target":["https:\/\/saintpierredemejans.com\/marche-de-noel-9-decembre\/"]}]},{"@type":"ImageObject","inLanguage":"en-GB","@id":"https:\/\/saintpierredemejans.com\/marche-de-noel-9-decembre\/#primaryimage","url":"https:\/\/saintpierredemejans.com\/wp-content\/uploads\/2023\/11\/Marche-de-Noel-2023.png","contentUrl":"https:\/\/saintpierredemejans.com\/wp-content\/uploads\/2023\/11\/Marche-de-Noel-2023.png","width":1414,"height":2000},{"@type":"BreadcrumbList","@id":"https:\/\/saintpierredemejans.com\/marche-de-noel-9-decembre\/#breadcrumb","itemListElement":[{"@type":"ListItem","position":1,"name":"Home","item":"https:\/\/saintpierredemejans.com\/"},{"@type":"ListItem","position":2,"name":"March\u00e9 de No\u00ebl &#8211; 9 D\u00e9cembre"}]},{"@type":"WebSite","@id":"https:\/\/saintpierredemejans.com\/#website","url":"https:\/\/saintpierredemejans.com\/","name":"Ch\u00e2teau Saint-Pierre de Mejans | Vineyard","description":"chateau vineyard","publisher":{"@id":"https:\/\/saintpierredemejans.com\/#organization"},"potentialAction":[{"@type":"SearchAction","target":{"@type":"EntryPoint","urlTemplate":"https:\/\/saintpierredemejans.com\/?s={search_term_string}"},"query-input":{"@type":"PropertyValueSpecification","valueRequired":true,"valueName":"search_term_string"}}],"inLanguage":"en-GB"},{"@type":"Organization","@id":"https:\/\/saintpierredemejans.com\/#organization","name":"Ch\u00e2teau Saint-Pierre de Mejans | Vineyard in the Lub\u00e9ron","url":"https:\/\/saintpierredemejans.com\/","logo":{"@type":"ImageObject","inLanguage":"en-GB","@id":"https:\/\/saintpierredemejans.com\/#\/schema\/logo\/image\/","url":"https:\/\/saintpierredemejans.com\/wp-content\/uploads\/2021\/08\/favicon-1.png","contentUrl":"https:\/\/saintpierredemejans.com\/wp-content\/uploads\/2021\/08\/favicon-1.png","width":822,"height":822,"caption":"Ch\u00e2teau Saint-Pierre de Mejans | Vignoble dans le Lub\u00e9ron"},"image":{"@id":"https:\/\/saintpierredemejans.com\/#\/schema\/logo\/image\/"}},{"@type":"Person","@id":"https:\/\/saintpierredemejans.com\/#\/schema\/person\/16414051a46156ebaff8b15c497bead7","name":"contact@saintpierredemejans.com","image":{"@type":"ImageObject","inLanguage":"en-GB","@id":"https:\/\/secure.gravatar.com\/avatar\/6b6a057c8693ad7323f985f5e6a9d4e42936ec1b8b3f795936dce1182f556b96?s=96&d=mm&r=g","url":"https:\/\/secure.gravatar.com\/avatar\/6b6a057c8693ad7323f985f5e6a9d4e42936ec1b8b3f795936dce1182f556b96?s=96&d=mm&r=g","contentUrl":"https:\/\/secure.gravatar.com\/avatar\/6b6a057c8693ad7323f985f5e6a9d4e42936ec1b8b3f795936dce1182f556b96?s=96&d=mm&r=g","caption":"contact@saintpierredemejans.com"}}]}},"_links":{"self":[{"href":"https:\/\/saintpierredemejans.com\/en\/wp-json\/wp\/v2\/posts\/3652","targetHints":{"allow":["GET"]}}],"collection":[{"href":"https:\/\/saintpierredemejans.com\/en\/wp-json\/wp\/v2\/posts"}],"about":[{"href":"https:\/\/saintpierredemejans.com\/en\/wp-json\/wp\/v2\/types\/post"}],"author":[{"embeddable":true,"href":"https:\/\/saintpierredemejans.com\/en\/wp-json\/wp\/v2\/users\/3"}],"replies":[{"embeddable":true,"href":"https:\/\/saintpierredemejans.com\/en\/wp-json\/wp\/v2\/comments?post=3652"}],"version-history":[{"count":0,"href":"https:\/\/saintpierredemejans.com\/en\/wp-json\/wp\/v2\/posts\/3652\/revisions"}],"wp:featuredmedia":[{"embeddable":true,"href":"https:\/\/saintpierredemejans.com\/en\/wp-json\/wp\/v2\/media\/3653"}],"wp:attachment":[{"href":"https:\/\/saintpierredemejans.com\/en\/wp-json\/wp\/v2\/media?parent=3652"}],"wp:term":[{"taxonomy":"category","embeddable":true,"href":"https:\/\/saintpierredemejans.com\/en\/wp-json\/wp\/v2\/categories?post=3652"},{"taxonomy":"post_tag","embeddable":true,"href":"https:\/\/saintpierredemejans.com\/en\/wp-json\/wp\/v2\/tags?post=3652"}],"curies":[{"name":"wp","href":"https:\/\/api.w.org\/{rel}","templated":true}]}}