{"id":3658,"date":"2023-11-05T10:08:47","date_gmt":"2023-11-05T09:08:47","guid":{"rendered":"https:\/\/saintpierredemejans.com\/?p=3658"},"modified":"2024-08-02T14:31:39","modified_gmt":"2024-08-02T12:31:39","slug":"presentation-the-life-of-bees","status":"publish","type":"post","link":"https:\/\/saintpierredemejans.com\/en\/presentation-la-vie-des-abeilles\/","title":{"rendered":"Presentation - La Vie des Abeilles"},"content":{"rendered":"<p>[et_pb_section admin_label=\u00a0\u00bbsection\u00a0\u00bb]<br \/>\n\t\t\t[et_pb_row admin_label=\u00a0\u00bbrow\u00a0\u00bb]<br \/>\n\t\t\t\t[et_pb_column type=\u00a0\u00bb4_4&Prime;][et_pb_text admin_label=\u00a0\u00bbText\u00a0\u00bb]<img loading=\"lazy\" decoding=\"async\" class=\"size-medium wp-image-3659 alignleft\" src=\"https:\/\/saintpierredemejans.com\/wp-content\/uploads\/2023\/11\/Abeilles-51-169x300.png\" alt=\"\" width=\"169\" height=\"300\" \/>Le Samedi 18 Novembre rencontrez notre apiculteur, Christophe AZEMA et ses abeilles. Install\u00e9es depuis le printemps au Ch\u00e2teau, elles attendent petits et grands pour une soir\u00e9e gourmande.<\/p>\n<p>Au programme &#8211; de 17h \u00e0 19h :<\/p>\n<ul>\n<li>\ud83c\udf6f Visite du rucher avec notre apiculteur.<\/li>\n<li>\ud83d\udc68\u200d\ud83c\udf3e Pr\u00e9sentation de son m\u00e9tier et de la vie des Abeilles.<\/li>\n<li>\ud83c\udf77 D\u00e9gustation des produits du domaine et ap\u00e9ritif.<\/li>\n<li>\u23f1\ufe0f D\u00e9but de la visite \u00e0 17h, merci de vous pr\u00e9senter 10 minutes avant le d\u00e9but de l\u2019\u00e9v\u00e9nement au Domaine.<\/li>\n<\/ul>\n<p>\ud83d\udce9 Soir\u00e9e gratuite sur r\u00e9servation \u00e0 <a href=\"mailto:contact@saintpieredemejans.com\">contact@saintpieredemejans.com<\/a> ou 04 90 08 70 10.<\/p>\n<p>&nbsp;[\/et_pb_text][\/et_pb_column]<br \/>\n\t\t\t[\/et_pb_row]<br \/>\n\t\t[\/et_pb_section]<\/p>\n","protected":false},"excerpt":{"rendered":"<p>Le Samedi 18 Novembre rencontrez notre apiculteur, Christophe AZEMA et ses abeilles. Install\u00e9es depuis le printemps au Ch\u00e2teau, elles attendent petits et grands pour une soir\u00e9e gourmande. Au programme &#8211; de 17h \u00e0 19h : \ud83c\udf6f Visite du rucher avec notre apiculteur. \ud83d\udc68\u200d\ud83c\udf3e Pr\u00e9sentation de son m\u00e9tier et de la vie des Abeilles. \ud83c\udf77 D\u00e9gustation [&hellip;]<\/p>\n","protected":false},"author":3,"featured_media":3659,"comment_status":"open","ping_status":"open","sticky":false,"template":"","format":"standard","meta":{"_yoast_wpseo_focuskw":"","_yoast_wpseo_title":"","_yoast_wpseo_metadesc":"","_yoast_wpseo_opengraph-title":"","_yoast_wpseo_opengraph-image":"","_yoast_wpseo_twitter-title":"","_yoast_wpseo_twitter-image":"","_et_pb_use_builder":"on","_et_pb_old_content":"<img class=\"size-medium wp-image-3659 alignleft\" src=\"https:\/\/saintpierredemejans.com\/wp-content\/uploads\/2023\/11\/Abeilles-51-169x300.png\" alt=\"\" width=\"169\" height=\"300\" \/>Le Samedi 18 Novembre rencontrez notre apiculteur, Christophe AZEMA et ses abeilles. Install\u00e9es depuis le printemps au Ch\u00e2teau, elles attendent petits et grands pour une soir\u00e9e gourmande.\r\n\r\nAu programme - de 17h \u00e0 19h :\r\n<ul>\r\n \t<li>\ud83c\udf6f Visite du rucher avec notre apiculteur.<\/li>\r\n \t<li>\ud83d\udc68\u200d\ud83c\udf3e Pr\u00e9sentation de son m\u00e9tier et de la vie des Abeilles.<\/li>\r\n \t<li>\ud83c\udf77 D\u00e9gustation des produits du domaine et ap\u00e9ritif.<\/li>\r\n \t<li>\u23f1\ufe0f D\u00e9but de la visite \u00e0 17h, merci de vous pr\u00e9senter 10 minutes avant le d\u00e9but de l\u2019\u00e9v\u00e9nement au Domaine.<\/li>\r\n<\/ul>\r\n\ud83d\udce9 Soir\u00e9e gratuite sur r\u00e9servation \u00e0 <a href=\"mailto:contact@saintpieredemejans.com\">contact@saintpieredemejans.com<\/a> ou 04 90 08 70 10.\r\n\r\n&nbsp;","_et_gb_content_width":"","footnotes":""},"categories":[1],"tags":[],"class_list":["post-3658","post","type-post","status-publish","format-standard","has-post-thumbnail","hentry","category-mejans"],"yoast_head":"<!-- This site is optimized with the Yoast SEO plugin v27.4 - https:\/\/yoast.com\/product\/yoast-seo-wordpress\/ -->\n<title>Pr\u00e9sentation - La Vie des Abeilles | Ch\u00e2teau Saint-Pierre de Mejans | Vignoble<\/title>\n<meta name=\"robots\" content=\"index, follow, max-snippet:-1, max-image-preview:large, max-video-preview:-1\" \/>\n<link rel=\"canonical\" href=\"https:\/\/saintpierredemejans.com\/en\/presentation-the-life-of-bees\/\" \/>\n<meta property=\"og:locale\" content=\"en_GB\" \/>\n<meta property=\"og:type\" content=\"article\" \/>\n<meta property=\"og:title\" content=\"Pr\u00e9sentation - La Vie des Abeilles | Ch\u00e2teau Saint-Pierre de Mejans | Vignoble\" \/>\n<meta property=\"og:description\" content=\"Le Samedi 18 Novembre rencontrez notre apiculteur, Christophe AZEMA et ses abeilles. Install\u00e9es depuis le printemps au Ch\u00e2teau, elles attendent petits et grands pour une soir\u00e9e gourmande. Au programme - de 17h \u00e0 19h : \ud83c\udf6f Visite du rucher avec notre apiculteur. \ud83d\udc68\u200d\ud83c\udf3e Pr\u00e9sentation de son m\u00e9tier et de la vie des Abeilles. \ud83c\udf77 D\u00e9gustation [&hellip;]\" \/>\n<meta property=\"og:url\" content=\"https:\/\/saintpierredemejans.com\/en\/presentation-the-life-of-bees\/\" \/>\n<meta property=\"og:site_name\" content=\"Ch\u00e2teau Saint-Pierre de Mejans | Vignoble\" \/>\n<meta property=\"article:published_time\" content=\"2023-11-05T09:08:47+00:00\" \/>\n<meta property=\"article:modified_time\" content=\"2024-08-02T12:31:39+00:00\" \/>\n<meta property=\"og:image\" content=\"https:\/\/saintpierredemejans.com\/wp-content\/uploads\/2023\/11\/Abeilles-51.png\" \/>\n\t<meta property=\"og:image:width\" content=\"1080\" \/>\n\t<meta property=\"og:image:height\" content=\"1920\" \/>\n\t<meta property=\"og:image:type\" content=\"image\/png\" \/>\n<meta name=\"author\" content=\"contact@saintpierredemejans.com\" \/>\n<meta name=\"twitter:card\" content=\"summary_large_image\" \/>\n<meta name=\"twitter:label1\" content=\"Written by\" \/>\n\t<meta name=\"twitter:data1\" content=\"contact@saintpierredemejans.com\" \/>\n\t<meta name=\"twitter:label2\" content=\"Estimated reading time\" \/>\n\t<meta name=\"twitter:data2\" content=\"1 minute\" \/>\n<script type=\"application\/ld+json\" class=\"yoast-schema-graph\">{\"@context\":\"https:\\\/\\\/schema.org\",\"@graph\":[{\"@type\":\"Article\",\"@id\":\"https:\\\/\\\/saintpierredemejans.com\\\/presentation-la-vie-des-abeilles\\\/#article\",\"isPartOf\":{\"@id\":\"https:\\\/\\\/saintpierredemejans.com\\\/presentation-la-vie-des-abeilles\\\/\"},\"author\":{\"name\":\"contact@saintpierredemejans.com\",\"@id\":\"https:\\\/\\\/saintpierredemejans.com\\\/#\\\/schema\\\/person\\\/16414051a46156ebaff8b15c497bead7\"},\"headline\":\"Pr\u00e9sentation &#8211; La Vie des Abeilles\",\"datePublished\":\"2023-11-05T09:08:47+00:00\",\"dateModified\":\"2024-08-02T12:31:39+00:00\",\"mainEntityOfPage\":{\"@id\":\"https:\\\/\\\/saintpierredemejans.com\\\/presentation-la-vie-des-abeilles\\\/\"},\"wordCount\":136,\"commentCount\":0,\"publisher\":{\"@id\":\"https:\\\/\\\/saintpierredemejans.com\\\/#organization\"},\"image\":{\"@id\":\"https:\\\/\\\/saintpierredemejans.com\\\/presentation-la-vie-des-abeilles\\\/#primaryimage\"},\"thumbnailUrl\":\"https:\\\/\\\/saintpierredemejans.com\\\/wp-content\\\/uploads\\\/2023\\\/11\\\/Abeilles-51.png\",\"articleSection\":[\"Mejans\"],\"inLanguage\":\"en-GB\",\"potentialAction\":[{\"@type\":\"CommentAction\",\"name\":\"Comment\",\"target\":[\"https:\\\/\\\/saintpierredemejans.com\\\/presentation-la-vie-des-abeilles\\\/#respond\"]}]},{\"@type\":\"WebPage\",\"@id\":\"https:\\\/\\\/saintpierredemejans.com\\\/presentation-la-vie-des-abeilles\\\/\",\"url\":\"https:\\\/\\\/saintpierredemejans.com\\\/presentation-la-vie-des-abeilles\\\/\",\"name\":\"Pr\u00e9sentation - La Vie des Abeilles | Ch\u00e2teau Saint-Pierre de Mejans | Vignoble\",\"isPartOf\":{\"@id\":\"https:\\\/\\\/saintpierredemejans.com\\\/#website\"},\"primaryImageOfPage\":{\"@id\":\"https:\\\/\\\/saintpierredemejans.com\\\/presentation-la-vie-des-abeilles\\\/#primaryimage\"},\"image\":{\"@id\":\"https:\\\/\\\/saintpierredemejans.com\\\/presentation-la-vie-des-abeilles\\\/#primaryimage\"},\"thumbnailUrl\":\"https:\\\/\\\/saintpierredemejans.com\\\/wp-content\\\/uploads\\\/2023\\\/11\\\/Abeilles-51.png\",\"datePublished\":\"2023-11-05T09:08:47+00:00\",\"dateModified\":\"2024-08-02T12:31:39+00:00\",\"breadcrumb\":{\"@id\":\"https:\\\/\\\/saintpierredemejans.com\\\/presentation-la-vie-des-abeilles\\\/#breadcrumb\"},\"inLanguage\":\"en-GB\",\"potentialAction\":[{\"@type\":\"ReadAction\",\"target\":[\"https:\\\/\\\/saintpierredemejans.com\\\/presentation-la-vie-des-abeilles\\\/\"]}]},{\"@type\":\"ImageObject\",\"inLanguage\":\"en-GB\",\"@id\":\"https:\\\/\\\/saintpierredemejans.com\\\/presentation-la-vie-des-abeilles\\\/#primaryimage\",\"url\":\"https:\\\/\\\/saintpierredemejans.com\\\/wp-content\\\/uploads\\\/2023\\\/11\\\/Abeilles-51.png\",\"contentUrl\":\"https:\\\/\\\/saintpierredemejans.com\\\/wp-content\\\/uploads\\\/2023\\\/11\\\/Abeilles-51.png\",\"width\":1080,\"height\":1920},{\"@type\":\"BreadcrumbList\",\"@id\":\"https:\\\/\\\/saintpierredemejans.com\\\/presentation-la-vie-des-abeilles\\\/#breadcrumb\",\"itemListElement\":[{\"@type\":\"ListItem\",\"position\":1,\"name\":\"Home\",\"item\":\"https:\\\/\\\/saintpierredemejans.com\\\/\"},{\"@type\":\"ListItem\",\"position\":2,\"name\":\"Pr\u00e9sentation &#8211; La Vie des Abeilles\"}]},{\"@type\":\"WebSite\",\"@id\":\"https:\\\/\\\/saintpierredemejans.com\\\/#website\",\"url\":\"https:\\\/\\\/saintpierredemejans.com\\\/\",\"name\":\"Ch\u00e2teau Saint-Pierre de Mejans | Vignoble\",\"description\":\"ch\u00e2teau vignoble\",\"publisher\":{\"@id\":\"https:\\\/\\\/saintpierredemejans.com\\\/#organization\"},\"potentialAction\":[{\"@type\":\"SearchAction\",\"target\":{\"@type\":\"EntryPoint\",\"urlTemplate\":\"https:\\\/\\\/saintpierredemejans.com\\\/?s={search_term_string}\"},\"query-input\":{\"@type\":\"PropertyValueSpecification\",\"valueRequired\":true,\"valueName\":\"search_term_string\"}}],\"inLanguage\":\"en-GB\"},{\"@type\":\"Organization\",\"@id\":\"https:\\\/\\\/saintpierredemejans.com\\\/#organization\",\"name\":\"Ch\u00e2teau Saint-Pierre de Mejans | Vignoble dans le Lub\u00e9ron\",\"url\":\"https:\\\/\\\/saintpierredemejans.com\\\/\",\"logo\":{\"@type\":\"ImageObject\",\"inLanguage\":\"en-GB\",\"@id\":\"https:\\\/\\\/saintpierredemejans.com\\\/#\\\/schema\\\/logo\\\/image\\\/\",\"url\":\"https:\\\/\\\/saintpierredemejans.com\\\/wp-content\\\/uploads\\\/2021\\\/08\\\/favicon-1.png\",\"contentUrl\":\"https:\\\/\\\/saintpierredemejans.com\\\/wp-content\\\/uploads\\\/2021\\\/08\\\/favicon-1.png\",\"width\":822,\"height\":822,\"caption\":\"Ch\u00e2teau Saint-Pierre de Mejans | Vignoble dans le Lub\u00e9ron\"},\"image\":{\"@id\":\"https:\\\/\\\/saintpierredemejans.com\\\/#\\\/schema\\\/logo\\\/image\\\/\"}},{\"@type\":\"Person\",\"@id\":\"https:\\\/\\\/saintpierredemejans.com\\\/#\\\/schema\\\/person\\\/16414051a46156ebaff8b15c497bead7\",\"name\":\"contact@saintpierredemejans.com\",\"image\":{\"@type\":\"ImageObject\",\"inLanguage\":\"en-GB\",\"@id\":\"https:\\\/\\\/secure.gravatar.com\\\/avatar\\\/6b6a057c8693ad7323f985f5e6a9d4e42936ec1b8b3f795936dce1182f556b96?s=96&d=mm&r=g\",\"url\":\"https:\\\/\\\/secure.gravatar.com\\\/avatar\\\/6b6a057c8693ad7323f985f5e6a9d4e42936ec1b8b3f795936dce1182f556b96?s=96&d=mm&r=g\",\"contentUrl\":\"https:\\\/\\\/secure.gravatar.com\\\/avatar\\\/6b6a057c8693ad7323f985f5e6a9d4e42936ec1b8b3f795936dce1182f556b96?s=96&d=mm&r=g\",\"caption\":\"contact@saintpierredemejans.com\"}}]}<\/script>\n<!-- \/ Yoast SEO plugin. -->","yoast_head_json":{"title":"Presentation - La Vie des Abeilles | Ch\u00e2teau Saint-Pierre de Mejans | Vineyard","robots":{"index":"index","follow":"follow","max-snippet":"max-snippet:-1","max-image-preview":"max-image-preview:large","max-video-preview":"max-video-preview:-1"},"canonical":"https:\/\/saintpierredemejans.com\/en\/presentation-the-life-of-bees\/","og_locale":"en_GB","og_type":"article","og_title":"Pr\u00e9sentation - La Vie des Abeilles | Ch\u00e2teau Saint-Pierre de Mejans | Vignoble","og_description":"Le Samedi 18 Novembre rencontrez notre apiculteur, Christophe AZEMA et ses abeilles. Install\u00e9es depuis le printemps au Ch\u00e2teau, elles attendent petits et grands pour une soir\u00e9e gourmande. Au programme - de 17h \u00e0 19h : \ud83c\udf6f Visite du rucher avec notre apiculteur. \ud83d\udc68\u200d\ud83c\udf3e Pr\u00e9sentation de son m\u00e9tier et de la vie des Abeilles. \ud83c\udf77 D\u00e9gustation [&hellip;]","og_url":"https:\/\/saintpierredemejans.com\/en\/presentation-the-life-of-bees\/","og_site_name":"Ch\u00e2teau Saint-Pierre de Mejans | Vignoble","article_published_time":"2023-11-05T09:08:47+00:00","article_modified_time":"2024-08-02T12:31:39+00:00","og_image":[{"width":1080,"height":1920,"url":"https:\/\/saintpierredemejans.com\/wp-content\/uploads\/2023\/11\/Abeilles-51.png","type":"image\/png"}],"author":"contact@saintpierredemejans.com","twitter_card":"summary_large_image","twitter_misc":{"Written by":"contact@saintpierredemejans.com","Estimated reading time":"1 minute"},"schema":{"@context":"https:\/\/schema.org","@graph":[{"@type":"Article","@id":"https:\/\/saintpierredemejans.com\/presentation-la-vie-des-abeilles\/#article","isPartOf":{"@id":"https:\/\/saintpierredemejans.com\/presentation-la-vie-des-abeilles\/"},"author":{"name":"contact@saintpierredemejans.com","@id":"https:\/\/saintpierredemejans.com\/#\/schema\/person\/16414051a46156ebaff8b15c497bead7"},"headline":"Pr\u00e9sentation &#8211; La Vie des Abeilles","datePublished":"2023-11-05T09:08:47+00:00","dateModified":"2024-08-02T12:31:39+00:00","mainEntityOfPage":{"@id":"https:\/\/saintpierredemejans.com\/presentation-la-vie-des-abeilles\/"},"wordCount":136,"commentCount":0,"publisher":{"@id":"https:\/\/saintpierredemejans.com\/#organization"},"image":{"@id":"https:\/\/saintpierredemejans.com\/presentation-la-vie-des-abeilles\/#primaryimage"},"thumbnailUrl":"https:\/\/saintpierredemejans.com\/wp-content\/uploads\/2023\/11\/Abeilles-51.png","articleSection":["Mejans"],"inLanguage":"en-GB","potentialAction":[{"@type":"CommentAction","name":"Comment","target":["https:\/\/saintpierredemejans.com\/presentation-la-vie-des-abeilles\/#respond"]}]},{"@type":"WebPage","@id":"https:\/\/saintpierredemejans.com\/presentation-la-vie-des-abeilles\/","url":"https:\/\/saintpierredemejans.com\/presentation-la-vie-des-abeilles\/","name":"Presentation - La Vie des Abeilles | Ch\u00e2teau Saint-Pierre de Mejans | Vineyard","isPartOf":{"@id":"https:\/\/saintpierredemejans.com\/#website"},"primaryImageOfPage":{"@id":"https:\/\/saintpierredemejans.com\/presentation-la-vie-des-abeilles\/#primaryimage"},"image":{"@id":"https:\/\/saintpierredemejans.com\/presentation-la-vie-des-abeilles\/#primaryimage"},"thumbnailUrl":"https:\/\/saintpierredemejans.com\/wp-content\/uploads\/2023\/11\/Abeilles-51.png","datePublished":"2023-11-05T09:08:47+00:00","dateModified":"2024-08-02T12:31:39+00:00","breadcrumb":{"@id":"https:\/\/saintpierredemejans.com\/presentation-la-vie-des-abeilles\/#breadcrumb"},"inLanguage":"en-GB","potentialAction":[{"@type":"ReadAction","target":["https:\/\/saintpierredemejans.com\/presentation-la-vie-des-abeilles\/"]}]},{"@type":"ImageObject","inLanguage":"en-GB","@id":"https:\/\/saintpierredemejans.com\/presentation-la-vie-des-abeilles\/#primaryimage","url":"https:\/\/saintpierredemejans.com\/wp-content\/uploads\/2023\/11\/Abeilles-51.png","contentUrl":"https:\/\/saintpierredemejans.com\/wp-content\/uploads\/2023\/11\/Abeilles-51.png","width":1080,"height":1920},{"@type":"BreadcrumbList","@id":"https:\/\/saintpierredemejans.com\/presentation-la-vie-des-abeilles\/#breadcrumb","itemListElement":[{"@type":"ListItem","position":1,"name":"Home","item":"https:\/\/saintpierredemejans.com\/"},{"@type":"ListItem","position":2,"name":"Pr\u00e9sentation &#8211; La Vie des Abeilles"}]},{"@type":"WebSite","@id":"https:\/\/saintpierredemejans.com\/#website","url":"https:\/\/saintpierredemejans.com\/","name":"Ch\u00e2teau Saint-Pierre de Mejans | Vineyard","description":"chateau vineyard","publisher":{"@id":"https:\/\/saintpierredemejans.com\/#organization"},"potentialAction":[{"@type":"SearchAction","target":{"@type":"EntryPoint","urlTemplate":"https:\/\/saintpierredemejans.com\/?s={search_term_string}"},"query-input":{"@type":"PropertyValueSpecification","valueRequired":true,"valueName":"search_term_string"}}],"inLanguage":"en-GB"},{"@type":"Organization","@id":"https:\/\/saintpierredemejans.com\/#organization","name":"Ch\u00e2teau Saint-Pierre de Mejans | Vineyard in the Lub\u00e9ron","url":"https:\/\/saintpierredemejans.com\/","logo":{"@type":"ImageObject","inLanguage":"en-GB","@id":"https:\/\/saintpierredemejans.com\/#\/schema\/logo\/image\/","url":"https:\/\/saintpierredemejans.com\/wp-content\/uploads\/2021\/08\/favicon-1.png","contentUrl":"https:\/\/saintpierredemejans.com\/wp-content\/uploads\/2021\/08\/favicon-1.png","width":822,"height":822,"caption":"Ch\u00e2teau Saint-Pierre de Mejans | Vignoble dans le Lub\u00e9ron"},"image":{"@id":"https:\/\/saintpierredemejans.com\/#\/schema\/logo\/image\/"}},{"@type":"Person","@id":"https:\/\/saintpierredemejans.com\/#\/schema\/person\/16414051a46156ebaff8b15c497bead7","name":"contact@saintpierredemejans.com","image":{"@type":"ImageObject","inLanguage":"en-GB","@id":"https:\/\/secure.gravatar.com\/avatar\/6b6a057c8693ad7323f985f5e6a9d4e42936ec1b8b3f795936dce1182f556b96?s=96&d=mm&r=g","url":"https:\/\/secure.gravatar.com\/avatar\/6b6a057c8693ad7323f985f5e6a9d4e42936ec1b8b3f795936dce1182f556b96?s=96&d=mm&r=g","contentUrl":"https:\/\/secure.gravatar.com\/avatar\/6b6a057c8693ad7323f985f5e6a9d4e42936ec1b8b3f795936dce1182f556b96?s=96&d=mm&r=g","caption":"contact@saintpierredemejans.com"}}]}},"_links":{"self":[{"href":"https:\/\/saintpierredemejans.com\/en\/wp-json\/wp\/v2\/posts\/3658","targetHints":{"allow":["GET"]}}],"collection":[{"href":"https:\/\/saintpierredemejans.com\/en\/wp-json\/wp\/v2\/posts"}],"about":[{"href":"https:\/\/saintpierredemejans.com\/en\/wp-json\/wp\/v2\/types\/post"}],"author":[{"embeddable":true,"href":"https:\/\/saintpierredemejans.com\/en\/wp-json\/wp\/v2\/users\/3"}],"replies":[{"embeddable":true,"href":"https:\/\/saintpierredemejans.com\/en\/wp-json\/wp\/v2\/comments?post=3658"}],"version-history":[{"count":0,"href":"https:\/\/saintpierredemejans.com\/en\/wp-json\/wp\/v2\/posts\/3658\/revisions"}],"wp:featuredmedia":[{"embeddable":true,"href":"https:\/\/saintpierredemejans.com\/en\/wp-json\/wp\/v2\/media\/3659"}],"wp:attachment":[{"href":"https:\/\/saintpierredemejans.com\/en\/wp-json\/wp\/v2\/media?parent=3658"}],"wp:term":[{"taxonomy":"category","embeddable":true,"href":"https:\/\/saintpierredemejans.com\/en\/wp-json\/wp\/v2\/categories?post=3658"},{"taxonomy":"post_tag","embeddable":true,"href":"https:\/\/saintpierredemejans.com\/en\/wp-json\/wp\/v2\/tags?post=3658"}],"curies":[{"name":"wp","href":"https:\/\/api.w.org\/{rel}","templated":true}]}}