{"id":3981,"date":"2024-04-05T09:07:43","date_gmt":"2024-04-05T07:07:43","guid":{"rendered":"https:\/\/saintpierredemejans.com\/?p=3981"},"modified":"2024-05-31T17:45:25","modified_gmt":"2024-05-31T15:45:25","slug":"apero-concert-6-june","status":"publish","type":"post","link":"https:\/\/saintpierredemejans.com\/en\/apero-concert-6-juin\/","title":{"rendered":"Ap\u00e9ro Concert - 6 June"},"content":{"rendered":"<p>[et_pb_section fb_built=\u00a0\u00bb1&Prime; admin_label=\u00a0\u00bbsection\u00a0\u00bb _builder_version=\u00a0\u00bb4.16&Prime; da_disable_devices=\u00a0\u00bboff|off|off\u00a0\u00bb global_colors_info=\u00a0\u00bb{}\u00a0\u00bb da_is_popup=\u00a0\u00bboff\u00a0\u00bb da_exit_intent=\u00a0\u00bboff\u00a0\u00bb da_has_close=\u00a0\u00bbon\u00a0\u00bb da_alt_close=\u00a0\u00bboff\u00a0\u00bb da_dark_close=\u00a0\u00bboff\u00a0\u00bb da_not_modal=\u00a0\u00bbon\u00a0\u00bb da_is_singular=\u00a0\u00bboff\u00a0\u00bb da_with_loader=\u00a0\u00bboff\u00a0\u00bb da_has_shadow=\u00a0\u00bbon\u00a0\u00bb][et_pb_row admin_label=\u00a0\u00bbrow\u00a0\u00bb _builder_version=\u00a0\u00bb4.16&Prime; background_size=\u00a0\u00bbinitial\u00a0\u00bb background_position=\u00a0\u00bbtop_left\u00a0\u00bb background_repeat=\u00a0\u00bbrepeat\u00a0\u00bb global_colors_info=\u00a0\u00bb{}\u00a0\u00bb][et_pb_column type=\u00a0\u00bb4_4&Prime; _builder_version=\u00a0\u00bb4.16&Prime; custom_padding=\u00a0\u00bb|||\u00a0\u00bb global_colors_info=\u00a0\u00bb{}\u00a0\u00bb custom_padding__hover=\u00a0\u00bb|||\u00a0\u00bb][et_pb_text admin_label=\u00a0\u00bbText\u00a0\u00bb _builder_version=\u00a0\u00bb4.24.1&Prime; background_size=\u00a0\u00bbinitial\u00a0\u00bb background_position=\u00a0\u00bbtop_left\u00a0\u00bb background_repeat=\u00a0\u00bbrepeat\u00a0\u00bb global_colors_info=\u00a0\u00bb{}\u00a0\u00bb]<\/p>\n<p><img loading=\"lazy\" decoding=\"async\" src=\"https:\/\/saintpierredemejans.com\/wp-content\/uploads\/2024\/04\/Concert-Elia-Orson-1024x1024.png\" width=\"1024\" height=\"1024\" alt=\"\" class=\"wp-image-4006 aligncenter size-large\" srcset=\"https:\/\/saintpierredemejans.com\/wp-content\/uploads\/2024\/04\/Concert-Elia-Orson-1024x1024.png 1024w, https:\/\/saintpierredemejans.com\/wp-content\/uploads\/2024\/04\/Concert-Elia-Orson-980x980.png 980w, https:\/\/saintpierredemejans.com\/wp-content\/uploads\/2024\/04\/Concert-Elia-Orson-480x480.png 480w\" sizes=\"(min-width: 0px) and (max-width: 480px) 480px, (min-width: 481px) and (max-width: 980px) 980px, (min-width: 981px) 1024px, 100vw\" \/>Les beaux jours sont l\u00e0 et nous souhaitons les c\u00e9l\u00e9brer avec vous lors d&rsquo;un ap\u00e9ro concert le Jeudi 6 Juin.<\/p>\n<p>Cette soir\u00e9e dans nos jardins sera anim\u00e9e par le duo Elia Ourson, un groupe pop-jazz, avec restauration sur place et un verre de vin offert.<\/p>\n<p>Pour prendre des billets, vous pouvez vous inscrire directement avec le lien ci-dessous:<\/p>\n<p><a href=\"https:\/\/www.billetweb.fr\/apero-concert-elia-duo-pop-jazz?fbclid=IwZXh0bgNhZW0CMTAAAR34LTyi8oQEj6AOJCTe1Nhy2-jSTMJ0q5z5lAFKXcVN7SLq6mktAnZbwys_aem_AR7vUDxKfpNUre8jW6jbb8UdfhYXHPGT4WsH22alZ5-z2WxQ3AMAQUt4K-rM-SdeqIU_y_nwwzHIAh-WBIbkhmbj\">BILLETTERIE &#8211; CONCERT<\/a><\/p>\n<p>&nbsp;<\/p>\n<p>&nbsp;<\/p>\n<p>[\/et_pb_text][\/et_pb_column][\/et_pb_row][\/et_pb_section]<\/p>\n","protected":false},"excerpt":{"rendered":"<p>Les beaux jours sont l\u00e0 et nous souhaitons les c\u00e9l\u00e9brer avec vous lors d&rsquo;un ap\u00e9ro concert le Jeudi 6 Juin. Cette soir\u00e9e dans nos jardins sera anim\u00e9e par le duo Elia Ourson, un groupe pop-jazz, avec restauration sur place et un verre de vin offert. Pour prendre des billets, vous pouvez vous inscrire directement avec [&hellip;]<\/p>\n","protected":false},"author":3,"featured_media":0,"comment_status":"open","ping_status":"open","sticky":false,"template":"","format":"standard","meta":{"_yoast_wpseo_focuskw":"","_yoast_wpseo_title":"","_yoast_wpseo_metadesc":"","_yoast_wpseo_opengraph-title":"","_yoast_wpseo_opengraph-image":"","_yoast_wpseo_twitter-title":"","_yoast_wpseo_twitter-image":"","_et_pb_use_builder":"on","_et_pb_old_content":"<img class=\"aligncenter size-large wp-image-3982\" src=\"https:\/\/saintpierredemejans.com\/wp-content\/uploads\/2024\/04\/Concertf-Juin-1024x1013.png\" alt=\"\" width=\"1024\" height=\"1013\" \/>Les beaux jours sont l\u00e0 et nous souhaitons les c\u00e9l\u00e9brer avec vous lors d'un ap\u00e9ro concert le Jeudi 6 Juin.\r\n\r\nCette soir\u00e9e dans nos jardins sera anim\u00e9e par le duo Elia Ourson, un groupe pop-jazz, avec restauration sur place et un verre de vin offert.\r\n\r\nPour prendre des billets, vous pouvez vous inscrire directement avec le lien ci-dessous:\r\n\r\n<a href=\"https:\/\/buy.stripe.com\/9AQdUf0GEcoG96UfYZ\">BILLETTERIE - CONCERT<\/a>\r\n\r\n&nbsp;\r\n\r\n&nbsp;","_et_gb_content_width":"","footnotes":""},"categories":[1],"tags":[],"class_list":["post-3981","post","type-post","status-publish","format-standard","hentry","category-mejans"],"yoast_head":"<!-- This site is optimized with the Yoast SEO plugin v27.4 - https:\/\/yoast.com\/product\/yoast-seo-wordpress\/ -->\n<title>Ap\u00e9ro Concert - 6 Juin | Ch\u00e2teau Saint-Pierre de Mejans | Vignoble<\/title>\n<meta name=\"robots\" content=\"index, follow, max-snippet:-1, max-image-preview:large, max-video-preview:-1\" \/>\n<link rel=\"canonical\" href=\"https:\/\/saintpierredemejans.com\/en\/apero-concert-6-june\/\" \/>\n<meta property=\"og:locale\" content=\"en_GB\" \/>\n<meta property=\"og:type\" content=\"article\" \/>\n<meta property=\"og:title\" content=\"Ap\u00e9ro Concert - 6 Juin | Ch\u00e2teau Saint-Pierre de Mejans | Vignoble\" \/>\n<meta property=\"og:description\" content=\"Les beaux jours sont l\u00e0 et nous souhaitons les c\u00e9l\u00e9brer avec vous lors d&#039;un ap\u00e9ro concert le Jeudi 6 Juin. Cette soir\u00e9e dans nos jardins sera anim\u00e9e par le duo Elia Ourson, un groupe pop-jazz, avec restauration sur place et un verre de vin offert. Pour prendre des billets, vous pouvez vous inscrire directement avec [&hellip;]\" \/>\n<meta property=\"og:url\" content=\"https:\/\/saintpierredemejans.com\/en\/apero-concert-6-june\/\" \/>\n<meta property=\"og:site_name\" content=\"Ch\u00e2teau Saint-Pierre de Mejans | Vignoble\" \/>\n<meta property=\"article:published_time\" content=\"2024-04-05T07:07:43+00:00\" \/>\n<meta property=\"article:modified_time\" content=\"2024-05-31T15:45:25+00:00\" \/>\n<meta property=\"og:image\" content=\"https:\/\/saintpierredemejans.com\/wp-content\/uploads\/2024\/04\/Concert-Elia-Orson-1024x1024.png\" \/>\n<meta name=\"author\" content=\"contact@saintpierredemejans.com\" \/>\n<meta name=\"twitter:card\" content=\"summary_large_image\" \/>\n<meta name=\"twitter:label1\" content=\"Written by\" \/>\n\t<meta name=\"twitter:data1\" content=\"contact@saintpierredemejans.com\" \/>\n\t<meta name=\"twitter:label2\" content=\"Estimated reading time\" \/>\n\t<meta name=\"twitter:data2\" content=\"1 minute\" \/>\n<script type=\"application\/ld+json\" class=\"yoast-schema-graph\">{\"@context\":\"https:\\\/\\\/schema.org\",\"@graph\":[{\"@type\":\"Article\",\"@id\":\"https:\\\/\\\/saintpierredemejans.com\\\/apero-concert-6-juin\\\/#article\",\"isPartOf\":{\"@id\":\"https:\\\/\\\/saintpierredemejans.com\\\/apero-concert-6-juin\\\/\"},\"author\":{\"name\":\"contact@saintpierredemejans.com\",\"@id\":\"https:\\\/\\\/saintpierredemejans.com\\\/#\\\/schema\\\/person\\\/16414051a46156ebaff8b15c497bead7\"},\"headline\":\"Ap\u00e9ro Concert &#8211; 6 Juin\",\"datePublished\":\"2024-04-05T07:07:43+00:00\",\"dateModified\":\"2024-05-31T15:45:25+00:00\",\"mainEntityOfPage\":{\"@id\":\"https:\\\/\\\/saintpierredemejans.com\\\/apero-concert-6-juin\\\/\"},\"wordCount\":196,\"commentCount\":0,\"publisher\":{\"@id\":\"https:\\\/\\\/saintpierredemejans.com\\\/#organization\"},\"image\":{\"@id\":\"https:\\\/\\\/saintpierredemejans.com\\\/apero-concert-6-juin\\\/#primaryimage\"},\"thumbnailUrl\":\"https:\\\/\\\/saintpierredemejans.com\\\/wp-content\\\/uploads\\\/2024\\\/04\\\/Concert-Elia-Orson-1024x1024.png\",\"articleSection\":[\"Mejans\"],\"inLanguage\":\"en-GB\",\"potentialAction\":[{\"@type\":\"CommentAction\",\"name\":\"Comment\",\"target\":[\"https:\\\/\\\/saintpierredemejans.com\\\/apero-concert-6-juin\\\/#respond\"]}]},{\"@type\":\"WebPage\",\"@id\":\"https:\\\/\\\/saintpierredemejans.com\\\/apero-concert-6-juin\\\/\",\"url\":\"https:\\\/\\\/saintpierredemejans.com\\\/apero-concert-6-juin\\\/\",\"name\":\"Ap\u00e9ro Concert - 6 Juin | Ch\u00e2teau Saint-Pierre de Mejans | Vignoble\",\"isPartOf\":{\"@id\":\"https:\\\/\\\/saintpierredemejans.com\\\/#website\"},\"primaryImageOfPage\":{\"@id\":\"https:\\\/\\\/saintpierredemejans.com\\\/apero-concert-6-juin\\\/#primaryimage\"},\"image\":{\"@id\":\"https:\\\/\\\/saintpierredemejans.com\\\/apero-concert-6-juin\\\/#primaryimage\"},\"thumbnailUrl\":\"https:\\\/\\\/saintpierredemejans.com\\\/wp-content\\\/uploads\\\/2024\\\/04\\\/Concert-Elia-Orson-1024x1024.png\",\"datePublished\":\"2024-04-05T07:07:43+00:00\",\"dateModified\":\"2024-05-31T15:45:25+00:00\",\"breadcrumb\":{\"@id\":\"https:\\\/\\\/saintpierredemejans.com\\\/apero-concert-6-juin\\\/#breadcrumb\"},\"inLanguage\":\"en-GB\",\"potentialAction\":[{\"@type\":\"ReadAction\",\"target\":[\"https:\\\/\\\/saintpierredemejans.com\\\/apero-concert-6-juin\\\/\"]}]},{\"@type\":\"ImageObject\",\"inLanguage\":\"en-GB\",\"@id\":\"https:\\\/\\\/saintpierredemejans.com\\\/apero-concert-6-juin\\\/#primaryimage\",\"url\":\"https:\\\/\\\/saintpierredemejans.com\\\/wp-content\\\/uploads\\\/2024\\\/04\\\/Concert-Elia-Orson-1024x1024.png\",\"contentUrl\":\"https:\\\/\\\/saintpierredemejans.com\\\/wp-content\\\/uploads\\\/2024\\\/04\\\/Concert-Elia-Orson-1024x1024.png\"},{\"@type\":\"BreadcrumbList\",\"@id\":\"https:\\\/\\\/saintpierredemejans.com\\\/apero-concert-6-juin\\\/#breadcrumb\",\"itemListElement\":[{\"@type\":\"ListItem\",\"position\":1,\"name\":\"Home\",\"item\":\"https:\\\/\\\/saintpierredemejans.com\\\/\"},{\"@type\":\"ListItem\",\"position\":2,\"name\":\"Ap\u00e9ro Concert &#8211; 6 Juin\"}]},{\"@type\":\"WebSite\",\"@id\":\"https:\\\/\\\/saintpierredemejans.com\\\/#website\",\"url\":\"https:\\\/\\\/saintpierredemejans.com\\\/\",\"name\":\"Ch\u00e2teau Saint-Pierre de Mejans | Vignoble\",\"description\":\"ch\u00e2teau vignoble\",\"publisher\":{\"@id\":\"https:\\\/\\\/saintpierredemejans.com\\\/#organization\"},\"potentialAction\":[{\"@type\":\"SearchAction\",\"target\":{\"@type\":\"EntryPoint\",\"urlTemplate\":\"https:\\\/\\\/saintpierredemejans.com\\\/?s={search_term_string}\"},\"query-input\":{\"@type\":\"PropertyValueSpecification\",\"valueRequired\":true,\"valueName\":\"search_term_string\"}}],\"inLanguage\":\"en-GB\"},{\"@type\":\"Organization\",\"@id\":\"https:\\\/\\\/saintpierredemejans.com\\\/#organization\",\"name\":\"Ch\u00e2teau Saint-Pierre de Mejans | Vignoble dans le Lub\u00e9ron\",\"url\":\"https:\\\/\\\/saintpierredemejans.com\\\/\",\"logo\":{\"@type\":\"ImageObject\",\"inLanguage\":\"en-GB\",\"@id\":\"https:\\\/\\\/saintpierredemejans.com\\\/#\\\/schema\\\/logo\\\/image\\\/\",\"url\":\"https:\\\/\\\/saintpierredemejans.com\\\/wp-content\\\/uploads\\\/2021\\\/08\\\/favicon-1.png\",\"contentUrl\":\"https:\\\/\\\/saintpierredemejans.com\\\/wp-content\\\/uploads\\\/2021\\\/08\\\/favicon-1.png\",\"width\":822,\"height\":822,\"caption\":\"Ch\u00e2teau Saint-Pierre de Mejans | Vignoble dans le Lub\u00e9ron\"},\"image\":{\"@id\":\"https:\\\/\\\/saintpierredemejans.com\\\/#\\\/schema\\\/logo\\\/image\\\/\"}},{\"@type\":\"Person\",\"@id\":\"https:\\\/\\\/saintpierredemejans.com\\\/#\\\/schema\\\/person\\\/16414051a46156ebaff8b15c497bead7\",\"name\":\"contact@saintpierredemejans.com\",\"image\":{\"@type\":\"ImageObject\",\"inLanguage\":\"en-GB\",\"@id\":\"https:\\\/\\\/secure.gravatar.com\\\/avatar\\\/6b6a057c8693ad7323f985f5e6a9d4e42936ec1b8b3f795936dce1182f556b96?s=96&d=mm&r=g\",\"url\":\"https:\\\/\\\/secure.gravatar.com\\\/avatar\\\/6b6a057c8693ad7323f985f5e6a9d4e42936ec1b8b3f795936dce1182f556b96?s=96&d=mm&r=g\",\"contentUrl\":\"https:\\\/\\\/secure.gravatar.com\\\/avatar\\\/6b6a057c8693ad7323f985f5e6a9d4e42936ec1b8b3f795936dce1182f556b96?s=96&d=mm&r=g\",\"caption\":\"contact@saintpierredemejans.com\"}}]}<\/script>\n<!-- \/ Yoast SEO plugin. -->","yoast_head_json":{"title":"Ap\u00e9ro Concert - 6 June | Ch\u00e2teau Saint-Pierre de Mejans | Vineyard","robots":{"index":"index","follow":"follow","max-snippet":"max-snippet:-1","max-image-preview":"max-image-preview:large","max-video-preview":"max-video-preview:-1"},"canonical":"https:\/\/saintpierredemejans.com\/en\/apero-concert-6-june\/","og_locale":"en_GB","og_type":"article","og_title":"Ap\u00e9ro Concert - 6 Juin | Ch\u00e2teau Saint-Pierre de Mejans | Vignoble","og_description":"Les beaux jours sont l\u00e0 et nous souhaitons les c\u00e9l\u00e9brer avec vous lors d'un ap\u00e9ro concert le Jeudi 6 Juin. Cette soir\u00e9e dans nos jardins sera anim\u00e9e par le duo Elia Ourson, un groupe pop-jazz, avec restauration sur place et un verre de vin offert. Pour prendre des billets, vous pouvez vous inscrire directement avec [&hellip;]","og_url":"https:\/\/saintpierredemejans.com\/en\/apero-concert-6-june\/","og_site_name":"Ch\u00e2teau Saint-Pierre de Mejans | Vignoble","article_published_time":"2024-04-05T07:07:43+00:00","article_modified_time":"2024-05-31T15:45:25+00:00","og_image":[{"url":"https:\/\/saintpierredemejans.com\/wp-content\/uploads\/2024\/04\/Concert-Elia-Orson-1024x1024.png","type":"","width":"","height":""}],"author":"contact@saintpierredemejans.com","twitter_card":"summary_large_image","twitter_misc":{"Written by":"contact@saintpierredemejans.com","Estimated reading time":"1 minute"},"schema":{"@context":"https:\/\/schema.org","@graph":[{"@type":"Article","@id":"https:\/\/saintpierredemejans.com\/apero-concert-6-juin\/#article","isPartOf":{"@id":"https:\/\/saintpierredemejans.com\/apero-concert-6-juin\/"},"author":{"name":"contact@saintpierredemejans.com","@id":"https:\/\/saintpierredemejans.com\/#\/schema\/person\/16414051a46156ebaff8b15c497bead7"},"headline":"Ap\u00e9ro Concert &#8211; 6 Juin","datePublished":"2024-04-05T07:07:43+00:00","dateModified":"2024-05-31T15:45:25+00:00","mainEntityOfPage":{"@id":"https:\/\/saintpierredemejans.com\/apero-concert-6-juin\/"},"wordCount":196,"commentCount":0,"publisher":{"@id":"https:\/\/saintpierredemejans.com\/#organization"},"image":{"@id":"https:\/\/saintpierredemejans.com\/apero-concert-6-juin\/#primaryimage"},"thumbnailUrl":"https:\/\/saintpierredemejans.com\/wp-content\/uploads\/2024\/04\/Concert-Elia-Orson-1024x1024.png","articleSection":["Mejans"],"inLanguage":"en-GB","potentialAction":[{"@type":"CommentAction","name":"Comment","target":["https:\/\/saintpierredemejans.com\/apero-concert-6-juin\/#respond"]}]},{"@type":"WebPage","@id":"https:\/\/saintpierredemejans.com\/apero-concert-6-juin\/","url":"https:\/\/saintpierredemejans.com\/apero-concert-6-juin\/","name":"Ap\u00e9ro Concert - 6 June | Ch\u00e2teau Saint-Pierre de Mejans | Vineyard","isPartOf":{"@id":"https:\/\/saintpierredemejans.com\/#website"},"primaryImageOfPage":{"@id":"https:\/\/saintpierredemejans.com\/apero-concert-6-juin\/#primaryimage"},"image":{"@id":"https:\/\/saintpierredemejans.com\/apero-concert-6-juin\/#primaryimage"},"thumbnailUrl":"https:\/\/saintpierredemejans.com\/wp-content\/uploads\/2024\/04\/Concert-Elia-Orson-1024x1024.png","datePublished":"2024-04-05T07:07:43+00:00","dateModified":"2024-05-31T15:45:25+00:00","breadcrumb":{"@id":"https:\/\/saintpierredemejans.com\/apero-concert-6-juin\/#breadcrumb"},"inLanguage":"en-GB","potentialAction":[{"@type":"ReadAction","target":["https:\/\/saintpierredemejans.com\/apero-concert-6-juin\/"]}]},{"@type":"ImageObject","inLanguage":"en-GB","@id":"https:\/\/saintpierredemejans.com\/apero-concert-6-juin\/#primaryimage","url":"https:\/\/saintpierredemejans.com\/wp-content\/uploads\/2024\/04\/Concert-Elia-Orson-1024x1024.png","contentUrl":"https:\/\/saintpierredemejans.com\/wp-content\/uploads\/2024\/04\/Concert-Elia-Orson-1024x1024.png"},{"@type":"BreadcrumbList","@id":"https:\/\/saintpierredemejans.com\/apero-concert-6-juin\/#breadcrumb","itemListElement":[{"@type":"ListItem","position":1,"name":"Home","item":"https:\/\/saintpierredemejans.com\/"},{"@type":"ListItem","position":2,"name":"Ap\u00e9ro Concert &#8211; 6 Juin"}]},{"@type":"WebSite","@id":"https:\/\/saintpierredemejans.com\/#website","url":"https:\/\/saintpierredemejans.com\/","name":"Ch\u00e2teau Saint-Pierre de Mejans | Vineyard","description":"chateau vineyard","publisher":{"@id":"https:\/\/saintpierredemejans.com\/#organization"},"potentialAction":[{"@type":"SearchAction","target":{"@type":"EntryPoint","urlTemplate":"https:\/\/saintpierredemejans.com\/?s={search_term_string}"},"query-input":{"@type":"PropertyValueSpecification","valueRequired":true,"valueName":"search_term_string"}}],"inLanguage":"en-GB"},{"@type":"Organization","@id":"https:\/\/saintpierredemejans.com\/#organization","name":"Ch\u00e2teau Saint-Pierre de Mejans | Vineyard in the Lub\u00e9ron","url":"https:\/\/saintpierredemejans.com\/","logo":{"@type":"ImageObject","inLanguage":"en-GB","@id":"https:\/\/saintpierredemejans.com\/#\/schema\/logo\/image\/","url":"https:\/\/saintpierredemejans.com\/wp-content\/uploads\/2021\/08\/favicon-1.png","contentUrl":"https:\/\/saintpierredemejans.com\/wp-content\/uploads\/2021\/08\/favicon-1.png","width":822,"height":822,"caption":"Ch\u00e2teau Saint-Pierre de Mejans | Vignoble dans le Lub\u00e9ron"},"image":{"@id":"https:\/\/saintpierredemejans.com\/#\/schema\/logo\/image\/"}},{"@type":"Person","@id":"https:\/\/saintpierredemejans.com\/#\/schema\/person\/16414051a46156ebaff8b15c497bead7","name":"contact@saintpierredemejans.com","image":{"@type":"ImageObject","inLanguage":"en-GB","@id":"https:\/\/secure.gravatar.com\/avatar\/6b6a057c8693ad7323f985f5e6a9d4e42936ec1b8b3f795936dce1182f556b96?s=96&d=mm&r=g","url":"https:\/\/secure.gravatar.com\/avatar\/6b6a057c8693ad7323f985f5e6a9d4e42936ec1b8b3f795936dce1182f556b96?s=96&d=mm&r=g","contentUrl":"https:\/\/secure.gravatar.com\/avatar\/6b6a057c8693ad7323f985f5e6a9d4e42936ec1b8b3f795936dce1182f556b96?s=96&d=mm&r=g","caption":"contact@saintpierredemejans.com"}}]}},"_links":{"self":[{"href":"https:\/\/saintpierredemejans.com\/en\/wp-json\/wp\/v2\/posts\/3981","targetHints":{"allow":["GET"]}}],"collection":[{"href":"https:\/\/saintpierredemejans.com\/en\/wp-json\/wp\/v2\/posts"}],"about":[{"href":"https:\/\/saintpierredemejans.com\/en\/wp-json\/wp\/v2\/types\/post"}],"author":[{"embeddable":true,"href":"https:\/\/saintpierredemejans.com\/en\/wp-json\/wp\/v2\/users\/3"}],"replies":[{"embeddable":true,"href":"https:\/\/saintpierredemejans.com\/en\/wp-json\/wp\/v2\/comments?post=3981"}],"version-history":[{"count":0,"href":"https:\/\/saintpierredemejans.com\/en\/wp-json\/wp\/v2\/posts\/3981\/revisions"}],"wp:attachment":[{"href":"https:\/\/saintpierredemejans.com\/en\/wp-json\/wp\/v2\/media?parent=3981"}],"wp:term":[{"taxonomy":"category","embeddable":true,"href":"https:\/\/saintpierredemejans.com\/en\/wp-json\/wp\/v2\/categories?post=3981"},{"taxonomy":"post_tag","embeddable":true,"href":"https:\/\/saintpierredemejans.com\/en\/wp-json\/wp\/v2\/tags?post=3981"}],"curies":[{"name":"wp","href":"https:\/\/api.w.org\/{rel}","templated":true}]}}