{"id":4355,"date":"2025-01-11T12:52:25","date_gmt":"2025-01-11T11:52:25","guid":{"rendered":"https:\/\/saintpierredemejans.com\/?p=4355"},"modified":"2025-01-24T14:55:13","modified_gmt":"2025-01-24T13:55:13","slug":"truffle-evening-at-the-chateau-on-6-february","status":"publish","type":"post","link":"https:\/\/saintpierredemejans.com\/en\/soiree-truffe-au-chateau-le-6-fevrier\/","title":{"rendered":"Truffle evening at the ch\u00e2teau on 6 February"},"content":{"rendered":"<h3><img loading=\"lazy\" decoding=\"async\" class=\"size-large wp-image-4360 alignleft\" src=\"https:\/\/saintpierredemejans.com\/wp-content\/uploads\/2025\/01\/Truffe-soiree-724x1024.jpg\" alt=\"\" width=\"724\" height=\"1024\" \/><\/h3>\n<h3><\/h3>\n<h3><strong>INVITATION<\/strong><\/h3>\n<p>We invite you to our annual truffle dinner!<\/p>\n<p>An intimate and convivial event with food and wine pairings on <strong>6 February<\/strong> at the castle.<\/p>\n<p>You'll find the menu below:<\/p>\n<p><strong>Aperitif<\/strong> :<br \/>\nClassic scrambled eggs with truffles<\/p>\n<p><strong>Input<\/strong> :<br \/>\nRisotto with Parmesan truffles<\/p>\n<p><strong>Dish :<\/strong><br \/>\nRoast guinea fowl fillet with carrots and truffle-flavoured poultry jus<\/p>\n<p><strong>Dessert :<\/strong><br \/>\nThe famous chocolate mousse, homemade ice cream and truffle crumble<\/p>\n<p>For bookings, please follow the link below: (places are limited, price \u20ac115 per person).<\/p>\n<h4><a href=\"https:\/\/www.billetweb.fr\/diner-autour-de-la-truffe-au-chateau-st-pierre-de-mejans-le-6-fevrier-2025-19h\"><strong>Reserve your place HERE<\/strong><\/a><\/h4>\n<p>&nbsp;<\/p>\n<p>&nbsp;<\/p>\n<p>&nbsp;<\/p>\n<p>&nbsp;<\/p>\n<p>&nbsp;<\/p>","protected":false},"excerpt":{"rendered":"<p>INVITATION Nous vous invitons \u00e0 notre diner annuel autour de la truffe ! Un moment intime et convivial avec accord mets\/vins qui aura lieu le 6 f\u00e9vrier au ch\u00e2teau. Vous trouverez le menu ci-dessous: Ap\u00e9ritif : Le classique \u0153ufs brouill\u00e9s \u00e0 la truffe Entr\u00e9e : Le risotto truff\u00e9 au parmesan Plat : Le filet de [&hellip;]<\/p>\n","protected":false},"author":3,"featured_media":4360,"comment_status":"open","ping_status":"open","sticky":false,"template":"","format":"standard","meta":{"_yoast_wpseo_focuskw":"","_yoast_wpseo_title":"","_yoast_wpseo_metadesc":"","_yoast_wpseo_opengraph-title":"","_yoast_wpseo_opengraph-image":"","_yoast_wpseo_twitter-title":"","_yoast_wpseo_twitter-image":"","_et_pb_use_builder":"","_et_pb_old_content":"","_et_gb_content_width":"","footnotes":""},"categories":[1],"tags":[],"class_list":["post-4355","post","type-post","status-publish","format-standard","has-post-thumbnail","hentry","category-mejans"],"yoast_head":"<!-- This site is optimized with the Yoast SEO plugin v27.4 - https:\/\/yoast.com\/product\/yoast-seo-wordpress\/ -->\n<title>Soir\u00e9e Truffe au ch\u00e2teau le 6 f\u00e9vrier | Ch\u00e2teau Saint-Pierre de Mejans | Vignoble<\/title>\n<meta name=\"robots\" content=\"index, follow, max-snippet:-1, max-image-preview:large, max-video-preview:-1\" \/>\n<link rel=\"canonical\" href=\"https:\/\/saintpierredemejans.com\/en\/truffle-evening-at-the-chateau-on-6-february\/\" \/>\n<meta property=\"og:locale\" content=\"en_GB\" \/>\n<meta property=\"og:type\" content=\"article\" \/>\n<meta property=\"og:title\" content=\"Soir\u00e9e Truffe au ch\u00e2teau le 6 f\u00e9vrier | Ch\u00e2teau Saint-Pierre de Mejans | Vignoble\" \/>\n<meta property=\"og:description\" content=\"INVITATION Nous vous invitons \u00e0 notre diner annuel autour de la truffe ! Un moment intime et convivial avec accord mets\/vins qui aura lieu le 6 f\u00e9vrier au ch\u00e2teau. Vous trouverez le menu ci-dessous: Ap\u00e9ritif : Le classique \u0153ufs brouill\u00e9s \u00e0 la truffe Entr\u00e9e : Le risotto truff\u00e9 au parmesan Plat : Le filet de [&hellip;]\" \/>\n<meta property=\"og:url\" content=\"https:\/\/saintpierredemejans.com\/en\/truffle-evening-at-the-chateau-on-6-february\/\" \/>\n<meta property=\"og:site_name\" content=\"Ch\u00e2teau Saint-Pierre de Mejans | Vignoble\" \/>\n<meta property=\"article:published_time\" content=\"2025-01-11T11:52:25+00:00\" \/>\n<meta property=\"article:modified_time\" content=\"2025-01-24T13:55:13+00:00\" \/>\n<meta property=\"og:image\" content=\"https:\/\/saintpierredemejans.com\/wp-content\/uploads\/2025\/01\/Truffe-soiree.jpg\" \/>\n\t<meta property=\"og:image:width\" content=\"1414\" \/>\n\t<meta property=\"og:image:height\" content=\"2000\" \/>\n\t<meta property=\"og:image:type\" content=\"image\/jpeg\" \/>\n<meta name=\"author\" content=\"contact@saintpierredemejans.com\" \/>\n<meta name=\"twitter:card\" content=\"summary_large_image\" \/>\n<meta name=\"twitter:label1\" content=\"Written by\" \/>\n\t<meta name=\"twitter:data1\" content=\"contact@saintpierredemejans.com\" \/>\n\t<meta name=\"twitter:label2\" content=\"Estimated reading time\" \/>\n\t<meta name=\"twitter:data2\" content=\"1 minute\" \/>\n<script type=\"application\/ld+json\" class=\"yoast-schema-graph\">{\"@context\":\"https:\\\/\\\/schema.org\",\"@graph\":[{\"@type\":\"Article\",\"@id\":\"https:\\\/\\\/saintpierredemejans.com\\\/soiree-truffe-au-chateau-le-6-fevrier\\\/#article\",\"isPartOf\":{\"@id\":\"https:\\\/\\\/saintpierredemejans.com\\\/soiree-truffe-au-chateau-le-6-fevrier\\\/\"},\"author\":{\"name\":\"contact@saintpierredemejans.com\",\"@id\":\"https:\\\/\\\/saintpierredemejans.com\\\/#\\\/schema\\\/person\\\/16414051a46156ebaff8b15c497bead7\"},\"headline\":\"Soir\u00e9e Truffe au ch\u00e2teau le 6 f\u00e9vrier\",\"datePublished\":\"2025-01-11T11:52:25+00:00\",\"dateModified\":\"2025-01-24T13:55:13+00:00\",\"mainEntityOfPage\":{\"@id\":\"https:\\\/\\\/saintpierredemejans.com\\\/soiree-truffe-au-chateau-le-6-fevrier\\\/\"},\"wordCount\":112,\"commentCount\":0,\"publisher\":{\"@id\":\"https:\\\/\\\/saintpierredemejans.com\\\/#organization\"},\"image\":{\"@id\":\"https:\\\/\\\/saintpierredemejans.com\\\/soiree-truffe-au-chateau-le-6-fevrier\\\/#primaryimage\"},\"thumbnailUrl\":\"https:\\\/\\\/saintpierredemejans.com\\\/wp-content\\\/uploads\\\/2025\\\/01\\\/Truffe-soiree.jpg\",\"articleSection\":[\"Mejans\"],\"inLanguage\":\"en-GB\",\"potentialAction\":[{\"@type\":\"CommentAction\",\"name\":\"Comment\",\"target\":[\"https:\\\/\\\/saintpierredemejans.com\\\/soiree-truffe-au-chateau-le-6-fevrier\\\/#respond\"]}]},{\"@type\":\"WebPage\",\"@id\":\"https:\\\/\\\/saintpierredemejans.com\\\/soiree-truffe-au-chateau-le-6-fevrier\\\/\",\"url\":\"https:\\\/\\\/saintpierredemejans.com\\\/soiree-truffe-au-chateau-le-6-fevrier\\\/\",\"name\":\"Soir\u00e9e Truffe au ch\u00e2teau le 6 f\u00e9vrier | Ch\u00e2teau Saint-Pierre de Mejans | Vignoble\",\"isPartOf\":{\"@id\":\"https:\\\/\\\/saintpierredemejans.com\\\/#website\"},\"primaryImageOfPage\":{\"@id\":\"https:\\\/\\\/saintpierredemejans.com\\\/soiree-truffe-au-chateau-le-6-fevrier\\\/#primaryimage\"},\"image\":{\"@id\":\"https:\\\/\\\/saintpierredemejans.com\\\/soiree-truffe-au-chateau-le-6-fevrier\\\/#primaryimage\"},\"thumbnailUrl\":\"https:\\\/\\\/saintpierredemejans.com\\\/wp-content\\\/uploads\\\/2025\\\/01\\\/Truffe-soiree.jpg\",\"datePublished\":\"2025-01-11T11:52:25+00:00\",\"dateModified\":\"2025-01-24T13:55:13+00:00\",\"breadcrumb\":{\"@id\":\"https:\\\/\\\/saintpierredemejans.com\\\/soiree-truffe-au-chateau-le-6-fevrier\\\/#breadcrumb\"},\"inLanguage\":\"en-GB\",\"potentialAction\":[{\"@type\":\"ReadAction\",\"target\":[\"https:\\\/\\\/saintpierredemejans.com\\\/soiree-truffe-au-chateau-le-6-fevrier\\\/\"]}]},{\"@type\":\"ImageObject\",\"inLanguage\":\"en-GB\",\"@id\":\"https:\\\/\\\/saintpierredemejans.com\\\/soiree-truffe-au-chateau-le-6-fevrier\\\/#primaryimage\",\"url\":\"https:\\\/\\\/saintpierredemejans.com\\\/wp-content\\\/uploads\\\/2025\\\/01\\\/Truffe-soiree.jpg\",\"contentUrl\":\"https:\\\/\\\/saintpierredemejans.com\\\/wp-content\\\/uploads\\\/2025\\\/01\\\/Truffe-soiree.jpg\",\"width\":1414,\"height\":2000},{\"@type\":\"BreadcrumbList\",\"@id\":\"https:\\\/\\\/saintpierredemejans.com\\\/soiree-truffe-au-chateau-le-6-fevrier\\\/#breadcrumb\",\"itemListElement\":[{\"@type\":\"ListItem\",\"position\":1,\"name\":\"Home\",\"item\":\"https:\\\/\\\/saintpierredemejans.com\\\/\"},{\"@type\":\"ListItem\",\"position\":2,\"name\":\"Soir\u00e9e Truffe au ch\u00e2teau le 6 f\u00e9vrier\"}]},{\"@type\":\"WebSite\",\"@id\":\"https:\\\/\\\/saintpierredemejans.com\\\/#website\",\"url\":\"https:\\\/\\\/saintpierredemejans.com\\\/\",\"name\":\"Ch\u00e2teau Saint-Pierre de Mejans | Vignoble\",\"description\":\"ch\u00e2teau vignoble\",\"publisher\":{\"@id\":\"https:\\\/\\\/saintpierredemejans.com\\\/#organization\"},\"potentialAction\":[{\"@type\":\"SearchAction\",\"target\":{\"@type\":\"EntryPoint\",\"urlTemplate\":\"https:\\\/\\\/saintpierredemejans.com\\\/?s={search_term_string}\"},\"query-input\":{\"@type\":\"PropertyValueSpecification\",\"valueRequired\":true,\"valueName\":\"search_term_string\"}}],\"inLanguage\":\"en-GB\"},{\"@type\":\"Organization\",\"@id\":\"https:\\\/\\\/saintpierredemejans.com\\\/#organization\",\"name\":\"Ch\u00e2teau Saint-Pierre de Mejans | Vignoble dans le Lub\u00e9ron\",\"url\":\"https:\\\/\\\/saintpierredemejans.com\\\/\",\"logo\":{\"@type\":\"ImageObject\",\"inLanguage\":\"en-GB\",\"@id\":\"https:\\\/\\\/saintpierredemejans.com\\\/#\\\/schema\\\/logo\\\/image\\\/\",\"url\":\"https:\\\/\\\/saintpierredemejans.com\\\/wp-content\\\/uploads\\\/2021\\\/08\\\/favicon-1.png\",\"contentUrl\":\"https:\\\/\\\/saintpierredemejans.com\\\/wp-content\\\/uploads\\\/2021\\\/08\\\/favicon-1.png\",\"width\":822,\"height\":822,\"caption\":\"Ch\u00e2teau Saint-Pierre de Mejans | Vignoble dans le Lub\u00e9ron\"},\"image\":{\"@id\":\"https:\\\/\\\/saintpierredemejans.com\\\/#\\\/schema\\\/logo\\\/image\\\/\"}},{\"@type\":\"Person\",\"@id\":\"https:\\\/\\\/saintpierredemejans.com\\\/#\\\/schema\\\/person\\\/16414051a46156ebaff8b15c497bead7\",\"name\":\"contact@saintpierredemejans.com\",\"image\":{\"@type\":\"ImageObject\",\"inLanguage\":\"en-GB\",\"@id\":\"https:\\\/\\\/secure.gravatar.com\\\/avatar\\\/6b6a057c8693ad7323f985f5e6a9d4e42936ec1b8b3f795936dce1182f556b96?s=96&d=mm&r=g\",\"url\":\"https:\\\/\\\/secure.gravatar.com\\\/avatar\\\/6b6a057c8693ad7323f985f5e6a9d4e42936ec1b8b3f795936dce1182f556b96?s=96&d=mm&r=g\",\"contentUrl\":\"https:\\\/\\\/secure.gravatar.com\\\/avatar\\\/6b6a057c8693ad7323f985f5e6a9d4e42936ec1b8b3f795936dce1182f556b96?s=96&d=mm&r=g\",\"caption\":\"contact@saintpierredemejans.com\"}}]}<\/script>\n<!-- \/ Yoast SEO plugin. -->","yoast_head_json":{"title":"Truffle evening at the ch\u00e2teau on 6 February | Ch\u00e2teau Saint-Pierre de Mejans | Vineyard","robots":{"index":"index","follow":"follow","max-snippet":"max-snippet:-1","max-image-preview":"max-image-preview:large","max-video-preview":"max-video-preview:-1"},"canonical":"https:\/\/saintpierredemejans.com\/en\/truffle-evening-at-the-chateau-on-6-february\/","og_locale":"en_GB","og_type":"article","og_title":"Soir\u00e9e Truffe au ch\u00e2teau le 6 f\u00e9vrier | Ch\u00e2teau Saint-Pierre de Mejans | Vignoble","og_description":"INVITATION Nous vous invitons \u00e0 notre diner annuel autour de la truffe ! Un moment intime et convivial avec accord mets\/vins qui aura lieu le 6 f\u00e9vrier au ch\u00e2teau. Vous trouverez le menu ci-dessous: Ap\u00e9ritif : Le classique \u0153ufs brouill\u00e9s \u00e0 la truffe Entr\u00e9e : Le risotto truff\u00e9 au parmesan Plat : Le filet de [&hellip;]","og_url":"https:\/\/saintpierredemejans.com\/en\/truffle-evening-at-the-chateau-on-6-february\/","og_site_name":"Ch\u00e2teau Saint-Pierre de Mejans | Vignoble","article_published_time":"2025-01-11T11:52:25+00:00","article_modified_time":"2025-01-24T13:55:13+00:00","og_image":[{"width":1414,"height":2000,"url":"https:\/\/saintpierredemejans.com\/wp-content\/uploads\/2025\/01\/Truffe-soiree.jpg","type":"image\/jpeg"}],"author":"contact@saintpierredemejans.com","twitter_card":"summary_large_image","twitter_misc":{"Written by":"contact@saintpierredemejans.com","Estimated reading time":"1 minute"},"schema":{"@context":"https:\/\/schema.org","@graph":[{"@type":"Article","@id":"https:\/\/saintpierredemejans.com\/soiree-truffe-au-chateau-le-6-fevrier\/#article","isPartOf":{"@id":"https:\/\/saintpierredemejans.com\/soiree-truffe-au-chateau-le-6-fevrier\/"},"author":{"name":"contact@saintpierredemejans.com","@id":"https:\/\/saintpierredemejans.com\/#\/schema\/person\/16414051a46156ebaff8b15c497bead7"},"headline":"Soir\u00e9e Truffe au ch\u00e2teau le 6 f\u00e9vrier","datePublished":"2025-01-11T11:52:25+00:00","dateModified":"2025-01-24T13:55:13+00:00","mainEntityOfPage":{"@id":"https:\/\/saintpierredemejans.com\/soiree-truffe-au-chateau-le-6-fevrier\/"},"wordCount":112,"commentCount":0,"publisher":{"@id":"https:\/\/saintpierredemejans.com\/#organization"},"image":{"@id":"https:\/\/saintpierredemejans.com\/soiree-truffe-au-chateau-le-6-fevrier\/#primaryimage"},"thumbnailUrl":"https:\/\/saintpierredemejans.com\/wp-content\/uploads\/2025\/01\/Truffe-soiree.jpg","articleSection":["Mejans"],"inLanguage":"en-GB","potentialAction":[{"@type":"CommentAction","name":"Comment","target":["https:\/\/saintpierredemejans.com\/soiree-truffe-au-chateau-le-6-fevrier\/#respond"]}]},{"@type":"WebPage","@id":"https:\/\/saintpierredemejans.com\/soiree-truffe-au-chateau-le-6-fevrier\/","url":"https:\/\/saintpierredemejans.com\/soiree-truffe-au-chateau-le-6-fevrier\/","name":"Truffle evening at the ch\u00e2teau on 6 February | Ch\u00e2teau Saint-Pierre de Mejans | Vineyard","isPartOf":{"@id":"https:\/\/saintpierredemejans.com\/#website"},"primaryImageOfPage":{"@id":"https:\/\/saintpierredemejans.com\/soiree-truffe-au-chateau-le-6-fevrier\/#primaryimage"},"image":{"@id":"https:\/\/saintpierredemejans.com\/soiree-truffe-au-chateau-le-6-fevrier\/#primaryimage"},"thumbnailUrl":"https:\/\/saintpierredemejans.com\/wp-content\/uploads\/2025\/01\/Truffe-soiree.jpg","datePublished":"2025-01-11T11:52:25+00:00","dateModified":"2025-01-24T13:55:13+00:00","breadcrumb":{"@id":"https:\/\/saintpierredemejans.com\/soiree-truffe-au-chateau-le-6-fevrier\/#breadcrumb"},"inLanguage":"en-GB","potentialAction":[{"@type":"ReadAction","target":["https:\/\/saintpierredemejans.com\/soiree-truffe-au-chateau-le-6-fevrier\/"]}]},{"@type":"ImageObject","inLanguage":"en-GB","@id":"https:\/\/saintpierredemejans.com\/soiree-truffe-au-chateau-le-6-fevrier\/#primaryimage","url":"https:\/\/saintpierredemejans.com\/wp-content\/uploads\/2025\/01\/Truffe-soiree.jpg","contentUrl":"https:\/\/saintpierredemejans.com\/wp-content\/uploads\/2025\/01\/Truffe-soiree.jpg","width":1414,"height":2000},{"@type":"BreadcrumbList","@id":"https:\/\/saintpierredemejans.com\/soiree-truffe-au-chateau-le-6-fevrier\/#breadcrumb","itemListElement":[{"@type":"ListItem","position":1,"name":"Home","item":"https:\/\/saintpierredemejans.com\/"},{"@type":"ListItem","position":2,"name":"Soir\u00e9e Truffe au ch\u00e2teau le 6 f\u00e9vrier"}]},{"@type":"WebSite","@id":"https:\/\/saintpierredemejans.com\/#website","url":"https:\/\/saintpierredemejans.com\/","name":"Ch\u00e2teau Saint-Pierre de Mejans | Vineyard","description":"chateau vineyard","publisher":{"@id":"https:\/\/saintpierredemejans.com\/#organization"},"potentialAction":[{"@type":"SearchAction","target":{"@type":"EntryPoint","urlTemplate":"https:\/\/saintpierredemejans.com\/?s={search_term_string}"},"query-input":{"@type":"PropertyValueSpecification","valueRequired":true,"valueName":"search_term_string"}}],"inLanguage":"en-GB"},{"@type":"Organization","@id":"https:\/\/saintpierredemejans.com\/#organization","name":"Ch\u00e2teau Saint-Pierre de Mejans | Vineyard in the Lub\u00e9ron","url":"https:\/\/saintpierredemejans.com\/","logo":{"@type":"ImageObject","inLanguage":"en-GB","@id":"https:\/\/saintpierredemejans.com\/#\/schema\/logo\/image\/","url":"https:\/\/saintpierredemejans.com\/wp-content\/uploads\/2021\/08\/favicon-1.png","contentUrl":"https:\/\/saintpierredemejans.com\/wp-content\/uploads\/2021\/08\/favicon-1.png","width":822,"height":822,"caption":"Ch\u00e2teau Saint-Pierre de Mejans | Vignoble dans le Lub\u00e9ron"},"image":{"@id":"https:\/\/saintpierredemejans.com\/#\/schema\/logo\/image\/"}},{"@type":"Person","@id":"https:\/\/saintpierredemejans.com\/#\/schema\/person\/16414051a46156ebaff8b15c497bead7","name":"contact@saintpierredemejans.com","image":{"@type":"ImageObject","inLanguage":"en-GB","@id":"https:\/\/secure.gravatar.com\/avatar\/6b6a057c8693ad7323f985f5e6a9d4e42936ec1b8b3f795936dce1182f556b96?s=96&d=mm&r=g","url":"https:\/\/secure.gravatar.com\/avatar\/6b6a057c8693ad7323f985f5e6a9d4e42936ec1b8b3f795936dce1182f556b96?s=96&d=mm&r=g","contentUrl":"https:\/\/secure.gravatar.com\/avatar\/6b6a057c8693ad7323f985f5e6a9d4e42936ec1b8b3f795936dce1182f556b96?s=96&d=mm&r=g","caption":"contact@saintpierredemejans.com"}}]}},"_links":{"self":[{"href":"https:\/\/saintpierredemejans.com\/en\/wp-json\/wp\/v2\/posts\/4355","targetHints":{"allow":["GET"]}}],"collection":[{"href":"https:\/\/saintpierredemejans.com\/en\/wp-json\/wp\/v2\/posts"}],"about":[{"href":"https:\/\/saintpierredemejans.com\/en\/wp-json\/wp\/v2\/types\/post"}],"author":[{"embeddable":true,"href":"https:\/\/saintpierredemejans.com\/en\/wp-json\/wp\/v2\/users\/3"}],"replies":[{"embeddable":true,"href":"https:\/\/saintpierredemejans.com\/en\/wp-json\/wp\/v2\/comments?post=4355"}],"version-history":[{"count":0,"href":"https:\/\/saintpierredemejans.com\/en\/wp-json\/wp\/v2\/posts\/4355\/revisions"}],"wp:featuredmedia":[{"embeddable":true,"href":"https:\/\/saintpierredemejans.com\/en\/wp-json\/wp\/v2\/media\/4360"}],"wp:attachment":[{"href":"https:\/\/saintpierredemejans.com\/en\/wp-json\/wp\/v2\/media?parent=4355"}],"wp:term":[{"taxonomy":"category","embeddable":true,"href":"https:\/\/saintpierredemejans.com\/en\/wp-json\/wp\/v2\/categories?post=4355"},{"taxonomy":"post_tag","embeddable":true,"href":"https:\/\/saintpierredemejans.com\/en\/wp-json\/wp\/v2\/tags?post=4355"}],"curies":[{"name":"wp","href":"https:\/\/api.w.org\/{rel}","templated":true}]}}