{"id":4403,"date":"2025-01-27T15:48:42","date_gmt":"2025-01-27T14:48:42","guid":{"rendered":"https:\/\/saintpierredemejans.com\/?p=4403"},"modified":"2025-01-27T16:05:33","modified_gmt":"2025-01-27T15:05:33","slug":"for-lovers","status":"publish","type":"post","link":"https:\/\/saintpierredemejans.com\/en\/pour-les-amoureux\/","title":{"rendered":"FOR LOVERS"},"content":{"rendered":"<p><img loading=\"lazy\" decoding=\"async\" class=\"alignleft wp-image-4404 size-medium\" src=\"https:\/\/saintpierredemejans.com\/wp-content\/uploads\/2025\/01\/Valentines-Promo-Reel-2025-169x300.jpg\" alt=\"\" width=\"169\" height=\"300\" \/>\ud83d\udc95Celebrate love this Valentine's Day with a romantic getaway at the Ch\u00e2teau.<\/p>\n<p>Surprise your loved one with an unforgettable Valentine's Day experience! Our exclusive Valentine's rooms are designed to make your celebration as romantic and memorable as possible.<\/p>\n<p>\ud83c\udf39 What's included:<\/p>\n<ul>\n<li>A beautifully decorated room with romantic touches.<\/li>\n<li>A free bottle of Cuv\u00e9e M p\u00e9tillant.<\/li>\n<li>Breakfast for two the next morning.<\/li>\n<li>Optional romantic dinner package (picnic basket).<\/li>\n<\/ul>\n<p>\u2728 Offer valid: from 13 February to 13 March 2025.<\/p>\n<p>&nbsp;<\/p>\n<p><img loading=\"lazy\" decoding=\"async\" class=\"wp-image-4405 size-medium alignleft\" src=\"https:\/\/saintpierredemejans.com\/wp-content\/uploads\/2025\/01\/Valentines-Promo-2Reel-2025-169x300.jpg\" alt=\"\" width=\"169\" height=\"300\" \/><\/p>\n<p>Limited availability - Book now to guarantee your perfect romantic getaway!<\/p>\n<p>\ud83d\udcde Call us on 04.90.08.70.10 to book your Valentine's Day getaway.<\/p>\n<p>#valentinesday #amoureux #nuitromantique #destinationluberon<\/p>\n<p>&nbsp;<\/p>","protected":false},"excerpt":{"rendered":"<p>\ud83d\udc95C\u00e9l\u00e9brez l\u2019amour cette Saint-Valentin avec une escapade romantique au Ch\u00e2teau. Surprenez votre \u00eatre cher avec une exp\u00e9rience de Saint-Valentin inoubliable ! Notre offre exclusive de chambres pour la Saint-Valentin est con\u00e7ue pour rendre votre c\u00e9l\u00e9bration aussi romantique et m\u00e9morable que possible. \ud83c\udf39 Ce qui est inclus : Une chambre joliment d\u00e9cor\u00e9e avec des touches romantiques. [&hellip;]<\/p>\n","protected":false},"author":3,"featured_media":0,"comment_status":"open","ping_status":"open","sticky":false,"template":"","format":"standard","meta":{"_yoast_wpseo_focuskw":"","_yoast_wpseo_title":"","_yoast_wpseo_metadesc":"","_yoast_wpseo_opengraph-title":"","_yoast_wpseo_opengraph-image":"","_yoast_wpseo_twitter-title":"","_yoast_wpseo_twitter-image":"","_et_pb_use_builder":"","_et_pb_old_content":"","_et_gb_content_width":"","footnotes":""},"categories":[1],"tags":[],"class_list":["post-4403","post","type-post","status-publish","format-standard","hentry","category-mejans"],"yoast_head":"<!-- This site is optimized with the Yoast SEO plugin v27.4 - https:\/\/yoast.com\/product\/yoast-seo-wordpress\/ -->\n<title>POUR LES AMOUREUX | Ch\u00e2teau Saint-Pierre de Mejans | Vignoble<\/title>\n<meta name=\"robots\" content=\"index, follow, max-snippet:-1, max-image-preview:large, max-video-preview:-1\" \/>\n<link rel=\"canonical\" href=\"https:\/\/saintpierredemejans.com\/en\/for-lovers\/\" \/>\n<meta property=\"og:locale\" content=\"en_GB\" \/>\n<meta property=\"og:type\" content=\"article\" \/>\n<meta property=\"og:title\" content=\"POUR LES AMOUREUX | Ch\u00e2teau Saint-Pierre de Mejans | Vignoble\" \/>\n<meta property=\"og:description\" content=\"\ud83d\udc95C\u00e9l\u00e9brez l\u2019amour cette Saint-Valentin avec une escapade romantique au Ch\u00e2teau. Surprenez votre \u00eatre cher avec une exp\u00e9rience de Saint-Valentin inoubliable ! Notre offre exclusive de chambres pour la Saint-Valentin est con\u00e7ue pour rendre votre c\u00e9l\u00e9bration aussi romantique et m\u00e9morable que possible. \ud83c\udf39 Ce qui est inclus : Une chambre joliment d\u00e9cor\u00e9e avec des touches romantiques. [&hellip;]\" \/>\n<meta property=\"og:url\" content=\"https:\/\/saintpierredemejans.com\/en\/for-lovers\/\" \/>\n<meta property=\"og:site_name\" content=\"Ch\u00e2teau Saint-Pierre de Mejans | Vignoble\" \/>\n<meta property=\"article:published_time\" content=\"2025-01-27T14:48:42+00:00\" \/>\n<meta property=\"article:modified_time\" content=\"2025-01-27T15:05:33+00:00\" \/>\n<meta property=\"og:image\" content=\"https:\/\/saintpierredemejans.com\/wp-content\/uploads\/2025\/01\/Valentines-Promo-Reel-2025.jpg\" \/>\n\t<meta property=\"og:image:width\" content=\"1080\" \/>\n\t<meta property=\"og:image:height\" content=\"1920\" \/>\n\t<meta property=\"og:image:type\" content=\"image\/jpeg\" \/>\n<meta name=\"author\" content=\"contact@saintpierredemejans.com\" \/>\n<meta name=\"twitter:card\" content=\"summary_large_image\" \/>\n<meta name=\"twitter:label1\" content=\"Written by\" \/>\n\t<meta name=\"twitter:data1\" content=\"contact@saintpierredemejans.com\" \/>\n\t<meta name=\"twitter:label2\" content=\"Estimated reading time\" \/>\n\t<meta name=\"twitter:data2\" content=\"1 minute\" \/>\n<script type=\"application\/ld+json\" class=\"yoast-schema-graph\">{\"@context\":\"https:\\\/\\\/schema.org\",\"@graph\":[{\"@type\":\"Article\",\"@id\":\"https:\\\/\\\/saintpierredemejans.com\\\/pour-les-amoureux\\\/#article\",\"isPartOf\":{\"@id\":\"https:\\\/\\\/saintpierredemejans.com\\\/pour-les-amoureux\\\/\"},\"author\":{\"name\":\"contact@saintpierredemejans.com\",\"@id\":\"https:\\\/\\\/saintpierredemejans.com\\\/#\\\/schema\\\/person\\\/16414051a46156ebaff8b15c497bead7\"},\"headline\":\"POUR LES AMOUREUX\",\"datePublished\":\"2025-01-27T14:48:42+00:00\",\"dateModified\":\"2025-01-27T15:05:33+00:00\",\"mainEntityOfPage\":{\"@id\":\"https:\\\/\\\/saintpierredemejans.com\\\/pour-les-amoureux\\\/\"},\"wordCount\":128,\"commentCount\":0,\"publisher\":{\"@id\":\"https:\\\/\\\/saintpierredemejans.com\\\/#organization\"},\"image\":{\"@id\":\"https:\\\/\\\/saintpierredemejans.com\\\/pour-les-amoureux\\\/#primaryimage\"},\"thumbnailUrl\":\"https:\\\/\\\/saintpierredemejans.com\\\/wp-content\\\/uploads\\\/2025\\\/01\\\/Valentines-Promo-Reel-2025-169x300.jpg\",\"articleSection\":[\"Mejans\"],\"inLanguage\":\"en-GB\",\"potentialAction\":[{\"@type\":\"CommentAction\",\"name\":\"Comment\",\"target\":[\"https:\\\/\\\/saintpierredemejans.com\\\/pour-les-amoureux\\\/#respond\"]}]},{\"@type\":\"WebPage\",\"@id\":\"https:\\\/\\\/saintpierredemejans.com\\\/pour-les-amoureux\\\/\",\"url\":\"https:\\\/\\\/saintpierredemejans.com\\\/pour-les-amoureux\\\/\",\"name\":\"POUR LES AMOUREUX | Ch\u00e2teau Saint-Pierre de Mejans | Vignoble\",\"isPartOf\":{\"@id\":\"https:\\\/\\\/saintpierredemejans.com\\\/#website\"},\"primaryImageOfPage\":{\"@id\":\"https:\\\/\\\/saintpierredemejans.com\\\/pour-les-amoureux\\\/#primaryimage\"},\"image\":{\"@id\":\"https:\\\/\\\/saintpierredemejans.com\\\/pour-les-amoureux\\\/#primaryimage\"},\"thumbnailUrl\":\"https:\\\/\\\/saintpierredemejans.com\\\/wp-content\\\/uploads\\\/2025\\\/01\\\/Valentines-Promo-Reel-2025-169x300.jpg\",\"datePublished\":\"2025-01-27T14:48:42+00:00\",\"dateModified\":\"2025-01-27T15:05:33+00:00\",\"breadcrumb\":{\"@id\":\"https:\\\/\\\/saintpierredemejans.com\\\/pour-les-amoureux\\\/#breadcrumb\"},\"inLanguage\":\"en-GB\",\"potentialAction\":[{\"@type\":\"ReadAction\",\"target\":[\"https:\\\/\\\/saintpierredemejans.com\\\/pour-les-amoureux\\\/\"]}]},{\"@type\":\"ImageObject\",\"inLanguage\":\"en-GB\",\"@id\":\"https:\\\/\\\/saintpierredemejans.com\\\/pour-les-amoureux\\\/#primaryimage\",\"url\":\"https:\\\/\\\/saintpierredemejans.com\\\/wp-content\\\/uploads\\\/2025\\\/01\\\/Valentines-Promo-Reel-2025-169x300.jpg\",\"contentUrl\":\"https:\\\/\\\/saintpierredemejans.com\\\/wp-content\\\/uploads\\\/2025\\\/01\\\/Valentines-Promo-Reel-2025-169x300.jpg\"},{\"@type\":\"BreadcrumbList\",\"@id\":\"https:\\\/\\\/saintpierredemejans.com\\\/pour-les-amoureux\\\/#breadcrumb\",\"itemListElement\":[{\"@type\":\"ListItem\",\"position\":1,\"name\":\"Home\",\"item\":\"https:\\\/\\\/saintpierredemejans.com\\\/\"},{\"@type\":\"ListItem\",\"position\":2,\"name\":\"POUR LES AMOUREUX\"}]},{\"@type\":\"WebSite\",\"@id\":\"https:\\\/\\\/saintpierredemejans.com\\\/#website\",\"url\":\"https:\\\/\\\/saintpierredemejans.com\\\/\",\"name\":\"Ch\u00e2teau Saint-Pierre de Mejans | Vignoble\",\"description\":\"ch\u00e2teau vignoble\",\"publisher\":{\"@id\":\"https:\\\/\\\/saintpierredemejans.com\\\/#organization\"},\"potentialAction\":[{\"@type\":\"SearchAction\",\"target\":{\"@type\":\"EntryPoint\",\"urlTemplate\":\"https:\\\/\\\/saintpierredemejans.com\\\/?s={search_term_string}\"},\"query-input\":{\"@type\":\"PropertyValueSpecification\",\"valueRequired\":true,\"valueName\":\"search_term_string\"}}],\"inLanguage\":\"en-GB\"},{\"@type\":\"Organization\",\"@id\":\"https:\\\/\\\/saintpierredemejans.com\\\/#organization\",\"name\":\"Ch\u00e2teau Saint-Pierre de Mejans | Vignoble dans le Lub\u00e9ron\",\"url\":\"https:\\\/\\\/saintpierredemejans.com\\\/\",\"logo\":{\"@type\":\"ImageObject\",\"inLanguage\":\"en-GB\",\"@id\":\"https:\\\/\\\/saintpierredemejans.com\\\/#\\\/schema\\\/logo\\\/image\\\/\",\"url\":\"https:\\\/\\\/saintpierredemejans.com\\\/wp-content\\\/uploads\\\/2021\\\/08\\\/favicon-1.png\",\"contentUrl\":\"https:\\\/\\\/saintpierredemejans.com\\\/wp-content\\\/uploads\\\/2021\\\/08\\\/favicon-1.png\",\"width\":822,\"height\":822,\"caption\":\"Ch\u00e2teau Saint-Pierre de Mejans | Vignoble dans le Lub\u00e9ron\"},\"image\":{\"@id\":\"https:\\\/\\\/saintpierredemejans.com\\\/#\\\/schema\\\/logo\\\/image\\\/\"}},{\"@type\":\"Person\",\"@id\":\"https:\\\/\\\/saintpierredemejans.com\\\/#\\\/schema\\\/person\\\/16414051a46156ebaff8b15c497bead7\",\"name\":\"contact@saintpierredemejans.com\",\"image\":{\"@type\":\"ImageObject\",\"inLanguage\":\"en-GB\",\"@id\":\"https:\\\/\\\/secure.gravatar.com\\\/avatar\\\/6b6a057c8693ad7323f985f5e6a9d4e42936ec1b8b3f795936dce1182f556b96?s=96&d=mm&r=g\",\"url\":\"https:\\\/\\\/secure.gravatar.com\\\/avatar\\\/6b6a057c8693ad7323f985f5e6a9d4e42936ec1b8b3f795936dce1182f556b96?s=96&d=mm&r=g\",\"contentUrl\":\"https:\\\/\\\/secure.gravatar.com\\\/avatar\\\/6b6a057c8693ad7323f985f5e6a9d4e42936ec1b8b3f795936dce1182f556b96?s=96&d=mm&r=g\",\"caption\":\"contact@saintpierredemejans.com\"}}]}<\/script>\n<!-- \/ Yoast SEO plugin. -->","yoast_head_json":{"title":"FOR THE LOVERS | Ch\u00e2teau Saint-Pierre de Mejans | Vineyard","robots":{"index":"index","follow":"follow","max-snippet":"max-snippet:-1","max-image-preview":"max-image-preview:large","max-video-preview":"max-video-preview:-1"},"canonical":"https:\/\/saintpierredemejans.com\/en\/for-lovers\/","og_locale":"en_GB","og_type":"article","og_title":"POUR LES AMOUREUX | Ch\u00e2teau Saint-Pierre de Mejans | Vignoble","og_description":"\ud83d\udc95C\u00e9l\u00e9brez l\u2019amour cette Saint-Valentin avec une escapade romantique au Ch\u00e2teau. Surprenez votre \u00eatre cher avec une exp\u00e9rience de Saint-Valentin inoubliable ! Notre offre exclusive de chambres pour la Saint-Valentin est con\u00e7ue pour rendre votre c\u00e9l\u00e9bration aussi romantique et m\u00e9morable que possible. \ud83c\udf39 Ce qui est inclus : Une chambre joliment d\u00e9cor\u00e9e avec des touches romantiques. [&hellip;]","og_url":"https:\/\/saintpierredemejans.com\/en\/for-lovers\/","og_site_name":"Ch\u00e2teau Saint-Pierre de Mejans | Vignoble","article_published_time":"2025-01-27T14:48:42+00:00","article_modified_time":"2025-01-27T15:05:33+00:00","og_image":[{"width":1080,"height":1920,"url":"https:\/\/saintpierredemejans.com\/wp-content\/uploads\/2025\/01\/Valentines-Promo-Reel-2025.jpg","type":"image\/jpeg"}],"author":"contact@saintpierredemejans.com","twitter_card":"summary_large_image","twitter_misc":{"Written by":"contact@saintpierredemejans.com","Estimated reading time":"1 minute"},"schema":{"@context":"https:\/\/schema.org","@graph":[{"@type":"Article","@id":"https:\/\/saintpierredemejans.com\/pour-les-amoureux\/#article","isPartOf":{"@id":"https:\/\/saintpierredemejans.com\/pour-les-amoureux\/"},"author":{"name":"contact@saintpierredemejans.com","@id":"https:\/\/saintpierredemejans.com\/#\/schema\/person\/16414051a46156ebaff8b15c497bead7"},"headline":"POUR LES AMOUREUX","datePublished":"2025-01-27T14:48:42+00:00","dateModified":"2025-01-27T15:05:33+00:00","mainEntityOfPage":{"@id":"https:\/\/saintpierredemejans.com\/pour-les-amoureux\/"},"wordCount":128,"commentCount":0,"publisher":{"@id":"https:\/\/saintpierredemejans.com\/#organization"},"image":{"@id":"https:\/\/saintpierredemejans.com\/pour-les-amoureux\/#primaryimage"},"thumbnailUrl":"https:\/\/saintpierredemejans.com\/wp-content\/uploads\/2025\/01\/Valentines-Promo-Reel-2025-169x300.jpg","articleSection":["Mejans"],"inLanguage":"en-GB","potentialAction":[{"@type":"CommentAction","name":"Comment","target":["https:\/\/saintpierredemejans.com\/pour-les-amoureux\/#respond"]}]},{"@type":"WebPage","@id":"https:\/\/saintpierredemejans.com\/pour-les-amoureux\/","url":"https:\/\/saintpierredemejans.com\/pour-les-amoureux\/","name":"FOR THE LOVERS | Ch\u00e2teau Saint-Pierre de Mejans | Vineyard","isPartOf":{"@id":"https:\/\/saintpierredemejans.com\/#website"},"primaryImageOfPage":{"@id":"https:\/\/saintpierredemejans.com\/pour-les-amoureux\/#primaryimage"},"image":{"@id":"https:\/\/saintpierredemejans.com\/pour-les-amoureux\/#primaryimage"},"thumbnailUrl":"https:\/\/saintpierredemejans.com\/wp-content\/uploads\/2025\/01\/Valentines-Promo-Reel-2025-169x300.jpg","datePublished":"2025-01-27T14:48:42+00:00","dateModified":"2025-01-27T15:05:33+00:00","breadcrumb":{"@id":"https:\/\/saintpierredemejans.com\/pour-les-amoureux\/#breadcrumb"},"inLanguage":"en-GB","potentialAction":[{"@type":"ReadAction","target":["https:\/\/saintpierredemejans.com\/pour-les-amoureux\/"]}]},{"@type":"ImageObject","inLanguage":"en-GB","@id":"https:\/\/saintpierredemejans.com\/pour-les-amoureux\/#primaryimage","url":"https:\/\/saintpierredemejans.com\/wp-content\/uploads\/2025\/01\/Valentines-Promo-Reel-2025-169x300.jpg","contentUrl":"https:\/\/saintpierredemejans.com\/wp-content\/uploads\/2025\/01\/Valentines-Promo-Reel-2025-169x300.jpg"},{"@type":"BreadcrumbList","@id":"https:\/\/saintpierredemejans.com\/pour-les-amoureux\/#breadcrumb","itemListElement":[{"@type":"ListItem","position":1,"name":"Home","item":"https:\/\/saintpierredemejans.com\/"},{"@type":"ListItem","position":2,"name":"POUR LES AMOUREUX"}]},{"@type":"WebSite","@id":"https:\/\/saintpierredemejans.com\/#website","url":"https:\/\/saintpierredemejans.com\/","name":"Ch\u00e2teau Saint-Pierre de Mejans | Vineyard","description":"chateau vineyard","publisher":{"@id":"https:\/\/saintpierredemejans.com\/#organization"},"potentialAction":[{"@type":"SearchAction","target":{"@type":"EntryPoint","urlTemplate":"https:\/\/saintpierredemejans.com\/?s={search_term_string}"},"query-input":{"@type":"PropertyValueSpecification","valueRequired":true,"valueName":"search_term_string"}}],"inLanguage":"en-GB"},{"@type":"Organization","@id":"https:\/\/saintpierredemejans.com\/#organization","name":"Ch\u00e2teau Saint-Pierre de Mejans | Vineyard in the Lub\u00e9ron","url":"https:\/\/saintpierredemejans.com\/","logo":{"@type":"ImageObject","inLanguage":"en-GB","@id":"https:\/\/saintpierredemejans.com\/#\/schema\/logo\/image\/","url":"https:\/\/saintpierredemejans.com\/wp-content\/uploads\/2021\/08\/favicon-1.png","contentUrl":"https:\/\/saintpierredemejans.com\/wp-content\/uploads\/2021\/08\/favicon-1.png","width":822,"height":822,"caption":"Ch\u00e2teau Saint-Pierre de Mejans | Vignoble dans le Lub\u00e9ron"},"image":{"@id":"https:\/\/saintpierredemejans.com\/#\/schema\/logo\/image\/"}},{"@type":"Person","@id":"https:\/\/saintpierredemejans.com\/#\/schema\/person\/16414051a46156ebaff8b15c497bead7","name":"contact@saintpierredemejans.com","image":{"@type":"ImageObject","inLanguage":"en-GB","@id":"https:\/\/secure.gravatar.com\/avatar\/6b6a057c8693ad7323f985f5e6a9d4e42936ec1b8b3f795936dce1182f556b96?s=96&d=mm&r=g","url":"https:\/\/secure.gravatar.com\/avatar\/6b6a057c8693ad7323f985f5e6a9d4e42936ec1b8b3f795936dce1182f556b96?s=96&d=mm&r=g","contentUrl":"https:\/\/secure.gravatar.com\/avatar\/6b6a057c8693ad7323f985f5e6a9d4e42936ec1b8b3f795936dce1182f556b96?s=96&d=mm&r=g","caption":"contact@saintpierredemejans.com"}}]}},"_links":{"self":[{"href":"https:\/\/saintpierredemejans.com\/en\/wp-json\/wp\/v2\/posts\/4403","targetHints":{"allow":["GET"]}}],"collection":[{"href":"https:\/\/saintpierredemejans.com\/en\/wp-json\/wp\/v2\/posts"}],"about":[{"href":"https:\/\/saintpierredemejans.com\/en\/wp-json\/wp\/v2\/types\/post"}],"author":[{"embeddable":true,"href":"https:\/\/saintpierredemejans.com\/en\/wp-json\/wp\/v2\/users\/3"}],"replies":[{"embeddable":true,"href":"https:\/\/saintpierredemejans.com\/en\/wp-json\/wp\/v2\/comments?post=4403"}],"version-history":[{"count":0,"href":"https:\/\/saintpierredemejans.com\/en\/wp-json\/wp\/v2\/posts\/4403\/revisions"}],"wp:attachment":[{"href":"https:\/\/saintpierredemejans.com\/en\/wp-json\/wp\/v2\/media?parent=4403"}],"wp:term":[{"taxonomy":"category","embeddable":true,"href":"https:\/\/saintpierredemejans.com\/en\/wp-json\/wp\/v2\/categories?post=4403"},{"taxonomy":"post_tag","embeddable":true,"href":"https:\/\/saintpierredemejans.com\/en\/wp-json\/wp\/v2\/tags?post=4403"}],"curies":[{"name":"wp","href":"https:\/\/api.w.org\/{rel}","templated":true}]}}