{"id":4804,"date":"2025-09-06T10:52:00","date_gmt":"2025-09-06T08:52:00","guid":{"rendered":"https:\/\/saintpierredemejans.com\/?p=4804"},"modified":"2025-09-06T10:52:00","modified_gmt":"2025-09-06T08:52:00","slug":"theatre-at-the-chateau","status":"publish","type":"post","link":"https:\/\/saintpierredemejans.com\/en\/theatre-au-chateau\/","title":{"rendered":"Theatre at the castle"},"content":{"rendered":"<p data-start=\"145\" data-end=\"286\">\ud83c\udfad <strong data-start=\"148\" data-end=\"202\">Show at the Ch\u00e2teau for Heritage Day<\/strong> \ud83c\udfb6<br data-start=\"205\" data-end=\"208\" \/>\ud83d\udcc5 <strong data-start=\"211\" data-end=\"244\">Friday evening 20 September<\/strong><br data-start=\"244\" data-end=\"247\" \/>\ud83d\udccd <strong data-start=\"250\" data-end=\"286\">Ch\u00e2teau de Saint-Pierre De Mejans<\/strong><\/p>\n<p data-start=\"288\" data-end=\"491\">To mark the <strong data-start=\"307\" data-end=\"343\">European Heritage Day<\/strong>come and see a <strong data-start=\"365\" data-end=\"410\">exceptional multidisciplinary show<\/strong>mixing <strong data-start=\"419\" data-end=\"455\">singing, theatre, music and dance<\/strong>the <strong data-start=\"463\" data-end=\"490\">Renaissance to the present day<\/strong>.<\/p>\n<p><img loading=\"lazy\" decoding=\"async\" class=\"size-full wp-image-4806 alignleft\" src=\"https:\/\/saintpierredemejans.com\/wp-content\/uploads\/2025\/09\/20-Sept-theatre.jpg\" alt=\"\" width=\"987\" height=\"693\" srcset=\"https:\/\/saintpierredemejans.com\/wp-content\/uploads\/2025\/09\/20-Sept-theatre.jpg 987w, https:\/\/saintpierredemejans.com\/wp-content\/uploads\/2025\/09\/20-Sept-theatre-980x688.jpg 980w, https:\/\/saintpierredemejans.com\/wp-content\/uploads\/2025\/09\/20-Sept-theatre-480x337.jpg 480w\" sizes=\"(min-width: 0px) and (max-width: 480px) 480px, (min-width: 481px) and (max-width: 980px) 980px, (min-width: 981px) 987px, 100vw\" \/><\/p>\n<p data-start=\"493\" data-end=\"521\">\u2728 With the participation of :<\/p>\n<ul data-start=\"523\" data-end=\"714\">\n<li data-start=\"523\" data-end=\"586\">\n<p data-start=\"525\" data-end=\"586\"><strong data-start=\"525\" data-end=\"546\">Patricia PONSELLE<\/strong>mezzo-coloratura, Paris Opera<\/p>\n<\/li>\n<li data-start=\"587\" data-end=\"629\">\n<p data-start=\"589\" data-end=\"629\"><strong data-start=\"589\" data-end=\"610\">Valentine VENEZIA<\/strong> &amp; <strong data-start=\"613\" data-end=\"627\">Emma GRAND<\/strong><\/p>\n<\/li>\n<li data-start=\"630\" data-end=\"682\">\n<p data-start=\"632\" data-end=\"682\"><strong data-start=\"632\" data-end=\"648\">Steve COMBIN<\/strong> &amp; <strong data-start=\"651\" data-end=\"669\">Morgan CAYRIER<\/strong>actors<\/p>\n<\/li>\n<li data-start=\"683\" data-end=\"714\">\n<p data-start=\"685\" data-end=\"714\"><strong data-start=\"685\" data-end=\"702\">Gabrielle FIX<\/strong>pianist<\/p>\n<\/li>\n<\/ul>\n<p data-start=\"716\" data-end=\"927\">\ud83c\udfbc An artistic journey through the works of <strong data-start=\"764\" data-end=\"779\">Shakespeare<\/strong>, <strong data-start=\"781\" data-end=\"792\">Dowland<\/strong>, <strong data-start=\"794\" data-end=\"805\">Purcell<\/strong>, <strong data-start=\"807\" data-end=\"818\">Moli\u00e8re<\/strong>, <strong data-start=\"820\" data-end=\"830\">Mozart<\/strong>, <strong data-start=\"832\" data-end=\"856\">George Sand &amp; Musset<\/strong>, <strong data-start=\"858\" data-end=\"868\">Chopin<\/strong>, <strong data-start=\"870\" data-end=\"881\">Feydeau<\/strong>, <strong data-start=\"883\" data-end=\"906\">French melodies<\/strong>and many others...<\/p>\n<hr data-start=\"929\" data-end=\"932\" \/>\n<p data-start=\"934\" data-end=\"1098\">\ud83c\udf9f <strong data-start=\"937\" data-end=\"947\">Rates<\/strong> :<br data-start=\"949\" data-end=\"952\" \/>- Full : <strong data-start=\"962\" data-end=\"970\">20 \u20ac<\/strong><br data-start=\"970\" data-end=\"973\" \/>- Reduced : <strong data-start=\"984\" data-end=\"992\">12 \u20ac<\/strong> (children aged 10-15, students, recipients of minimum social benefits)<br data-start=\"1057\" data-end=\"1060\" \/>- <strong data-start=\"1062\" data-end=\"1073\">Free<\/strong> for under-10s<\/p>\n<p data-start=\"1100\" data-end=\"1261\">\ud83d\udcbb <strong data-start=\"1103\" data-end=\"1127\">Online ticketing<\/strong> :<br data-start=\"1129\" data-end=\"1132\" \/>\ud83d\udc49 <a class=\"decorated-link cursor-pointer\" target=\"_new\" rel=\"noopener\" data-start=\"1135\" data-end=\"1261\">www.helloasso.com\/associations\/les-promeneurs-des-etoiles<\/a><\/p>\n<p data-start=\"1263\" data-end=\"1329\">\ud83d\udccd <strong data-start=\"1266\" data-end=\"1309\">Tickets also available on site<\/strong> (cash \/ cheques)<\/p>\n<p data-start=\"1331\" data-end=\"1375\">\ud83d\udcde <strong data-start=\"1334\" data-end=\"1358\">Information &amp; bookings<\/strong> : 06 12 45 02 13<\/p>\n<hr data-start=\"1377\" data-end=\"1380\" \/>\n<p data-start=\"1382\" data-end=\"1501\">\ud83c\udf86 <strong data-start=\"1385\" data-end=\"1455\">A moment of emotion, beauty and heritage not to be missed!<\/strong><br data-start=\"1455\" data-end=\"1458\" \/>Organised by <strong data-start=\"1471\" data-end=\"1501\">Les Promeneurs des \u00c9toiles<\/strong><\/p>","protected":false},"excerpt":{"rendered":"<p>\ud83c\udfad Spectacle au Ch\u00e2teau pour la Journ\u00e9e du Patrimoine \ud83c\udfb6\ud83d\udcc5 Vendredi 20 septembre au soir\ud83d\udccd Ch\u00e2teau de Saint-Pierre De Mejans \u00c0 l\u2019occasion de la Journ\u00e9e europ\u00e9enne du Patrimoine, venez assister \u00e0 un spectacle pluridisciplinaire exceptionnel, m\u00ealant chant, th\u00e9\u00e2tre, musique et danse, de la Renaissance \u00e0 nos jours. \u2728 Avec la participation de : Patricia PONSELLE, [&hellip;]<\/p>\n","protected":false},"author":3,"featured_media":0,"comment_status":"open","ping_status":"open","sticky":false,"template":"","format":"standard","meta":{"_yoast_wpseo_focuskw":"","_yoast_wpseo_title":"","_yoast_wpseo_metadesc":"","_yoast_wpseo_opengraph-title":"","_yoast_wpseo_opengraph-image":"","_yoast_wpseo_twitter-title":"","_yoast_wpseo_twitter-image":"","_et_pb_use_builder":"","_et_pb_old_content":"","_et_gb_content_width":"","footnotes":""},"categories":[1],"tags":[],"class_list":["post-4804","post","type-post","status-publish","format-standard","hentry","category-mejans"],"yoast_head":"<!-- This site is optimized with the Yoast SEO plugin v27.4 - https:\/\/yoast.com\/product\/yoast-seo-wordpress\/ -->\n<title>Th\u00e9\u00e2tre au ch\u00e2teau | Ch\u00e2teau Saint-Pierre de Mejans | Vignoble<\/title>\n<meta name=\"robots\" content=\"index, follow, max-snippet:-1, max-image-preview:large, max-video-preview:-1\" \/>\n<link rel=\"canonical\" href=\"https:\/\/saintpierredemejans.com\/en\/theatre-at-the-chateau\/\" \/>\n<meta property=\"og:locale\" content=\"en_GB\" \/>\n<meta property=\"og:type\" content=\"article\" \/>\n<meta property=\"og:title\" content=\"Th\u00e9\u00e2tre au ch\u00e2teau | Ch\u00e2teau Saint-Pierre de Mejans | Vignoble\" \/>\n<meta property=\"og:description\" content=\"\ud83c\udfad Spectacle au Ch\u00e2teau pour la Journ\u00e9e du Patrimoine \ud83c\udfb6\ud83d\udcc5 Vendredi 20 septembre au soir\ud83d\udccd Ch\u00e2teau de Saint-Pierre De Mejans \u00c0 l\u2019occasion de la Journ\u00e9e europ\u00e9enne du Patrimoine, venez assister \u00e0 un spectacle pluridisciplinaire exceptionnel, m\u00ealant chant, th\u00e9\u00e2tre, musique et danse, de la Renaissance \u00e0 nos jours. \u2728 Avec la participation de : Patricia PONSELLE, [&hellip;]\" \/>\n<meta property=\"og:url\" content=\"https:\/\/saintpierredemejans.com\/en\/theatre-at-the-chateau\/\" \/>\n<meta property=\"og:site_name\" content=\"Ch\u00e2teau Saint-Pierre de Mejans | Vignoble\" \/>\n<meta property=\"article:published_time\" content=\"2025-09-06T08:52:00+00:00\" \/>\n<meta property=\"og:image\" content=\"https:\/\/saintpierredemejans.com\/wp-content\/uploads\/2025\/09\/20-Sept-theatre.jpg\" \/>\n\t<meta property=\"og:image:width\" content=\"987\" \/>\n\t<meta property=\"og:image:height\" content=\"693\" \/>\n\t<meta property=\"og:image:type\" content=\"image\/jpeg\" \/>\n<meta name=\"author\" content=\"contact@saintpierredemejans.com\" \/>\n<meta name=\"twitter:card\" content=\"summary_large_image\" \/>\n<meta name=\"twitter:label1\" content=\"Written by\" \/>\n\t<meta name=\"twitter:data1\" content=\"contact@saintpierredemejans.com\" \/>\n\t<meta name=\"twitter:label2\" content=\"Estimated reading time\" \/>\n\t<meta name=\"twitter:data2\" content=\"2 minutes\" \/>\n<script type=\"application\/ld+json\" class=\"yoast-schema-graph\">{\"@context\":\"https:\\\/\\\/schema.org\",\"@graph\":[{\"@type\":\"Article\",\"@id\":\"https:\\\/\\\/saintpierredemejans.com\\\/theatre-au-chateau\\\/#article\",\"isPartOf\":{\"@id\":\"https:\\\/\\\/saintpierredemejans.com\\\/theatre-au-chateau\\\/\"},\"author\":{\"name\":\"contact@saintpierredemejans.com\",\"@id\":\"https:\\\/\\\/saintpierredemejans.com\\\/#\\\/schema\\\/person\\\/16414051a46156ebaff8b15c497bead7\"},\"headline\":\"Th\u00e9\u00e2tre au ch\u00e2teau\",\"datePublished\":\"2025-09-06T08:52:00+00:00\",\"mainEntityOfPage\":{\"@id\":\"https:\\\/\\\/saintpierredemejans.com\\\/theatre-au-chateau\\\/\"},\"wordCount\":168,\"commentCount\":0,\"publisher\":{\"@id\":\"https:\\\/\\\/saintpierredemejans.com\\\/#organization\"},\"image\":{\"@id\":\"https:\\\/\\\/saintpierredemejans.com\\\/theatre-au-chateau\\\/#primaryimage\"},\"thumbnailUrl\":\"https:\\\/\\\/saintpierredemejans.com\\\/wp-content\\\/uploads\\\/2025\\\/09\\\/20-Sept-theatre.jpg\",\"articleSection\":[\"Mejans\"],\"inLanguage\":\"en-GB\",\"potentialAction\":[{\"@type\":\"CommentAction\",\"name\":\"Comment\",\"target\":[\"https:\\\/\\\/saintpierredemejans.com\\\/theatre-au-chateau\\\/#respond\"]}]},{\"@type\":\"WebPage\",\"@id\":\"https:\\\/\\\/saintpierredemejans.com\\\/theatre-au-chateau\\\/\",\"url\":\"https:\\\/\\\/saintpierredemejans.com\\\/theatre-au-chateau\\\/\",\"name\":\"Th\u00e9\u00e2tre au ch\u00e2teau | Ch\u00e2teau Saint-Pierre de Mejans | Vignoble\",\"isPartOf\":{\"@id\":\"https:\\\/\\\/saintpierredemejans.com\\\/#website\"},\"primaryImageOfPage\":{\"@id\":\"https:\\\/\\\/saintpierredemejans.com\\\/theatre-au-chateau\\\/#primaryimage\"},\"image\":{\"@id\":\"https:\\\/\\\/saintpierredemejans.com\\\/theatre-au-chateau\\\/#primaryimage\"},\"thumbnailUrl\":\"https:\\\/\\\/saintpierredemejans.com\\\/wp-content\\\/uploads\\\/2025\\\/09\\\/20-Sept-theatre.jpg\",\"datePublished\":\"2025-09-06T08:52:00+00:00\",\"breadcrumb\":{\"@id\":\"https:\\\/\\\/saintpierredemejans.com\\\/theatre-au-chateau\\\/#breadcrumb\"},\"inLanguage\":\"en-GB\",\"potentialAction\":[{\"@type\":\"ReadAction\",\"target\":[\"https:\\\/\\\/saintpierredemejans.com\\\/theatre-au-chateau\\\/\"]}]},{\"@type\":\"ImageObject\",\"inLanguage\":\"en-GB\",\"@id\":\"https:\\\/\\\/saintpierredemejans.com\\\/theatre-au-chateau\\\/#primaryimage\",\"url\":\"https:\\\/\\\/saintpierredemejans.com\\\/wp-content\\\/uploads\\\/2025\\\/09\\\/20-Sept-theatre.jpg\",\"contentUrl\":\"https:\\\/\\\/saintpierredemejans.com\\\/wp-content\\\/uploads\\\/2025\\\/09\\\/20-Sept-theatre.jpg\"},{\"@type\":\"BreadcrumbList\",\"@id\":\"https:\\\/\\\/saintpierredemejans.com\\\/theatre-au-chateau\\\/#breadcrumb\",\"itemListElement\":[{\"@type\":\"ListItem\",\"position\":1,\"name\":\"Home\",\"item\":\"https:\\\/\\\/saintpierredemejans.com\\\/\"},{\"@type\":\"ListItem\",\"position\":2,\"name\":\"Th\u00e9\u00e2tre au ch\u00e2teau\"}]},{\"@type\":\"WebSite\",\"@id\":\"https:\\\/\\\/saintpierredemejans.com\\\/#website\",\"url\":\"https:\\\/\\\/saintpierredemejans.com\\\/\",\"name\":\"Ch\u00e2teau Saint-Pierre de Mejans | Vignoble\",\"description\":\"ch\u00e2teau vignoble\",\"publisher\":{\"@id\":\"https:\\\/\\\/saintpierredemejans.com\\\/#organization\"},\"potentialAction\":[{\"@type\":\"SearchAction\",\"target\":{\"@type\":\"EntryPoint\",\"urlTemplate\":\"https:\\\/\\\/saintpierredemejans.com\\\/?s={search_term_string}\"},\"query-input\":{\"@type\":\"PropertyValueSpecification\",\"valueRequired\":true,\"valueName\":\"search_term_string\"}}],\"inLanguage\":\"en-GB\"},{\"@type\":\"Organization\",\"@id\":\"https:\\\/\\\/saintpierredemejans.com\\\/#organization\",\"name\":\"Ch\u00e2teau Saint-Pierre de Mejans | Vignoble dans le Lub\u00e9ron\",\"url\":\"https:\\\/\\\/saintpierredemejans.com\\\/\",\"logo\":{\"@type\":\"ImageObject\",\"inLanguage\":\"en-GB\",\"@id\":\"https:\\\/\\\/saintpierredemejans.com\\\/#\\\/schema\\\/logo\\\/image\\\/\",\"url\":\"https:\\\/\\\/saintpierredemejans.com\\\/wp-content\\\/uploads\\\/2021\\\/08\\\/favicon-1.png\",\"contentUrl\":\"https:\\\/\\\/saintpierredemejans.com\\\/wp-content\\\/uploads\\\/2021\\\/08\\\/favicon-1.png\",\"width\":822,\"height\":822,\"caption\":\"Ch\u00e2teau Saint-Pierre de Mejans | Vignoble dans le Lub\u00e9ron\"},\"image\":{\"@id\":\"https:\\\/\\\/saintpierredemejans.com\\\/#\\\/schema\\\/logo\\\/image\\\/\"}},{\"@type\":\"Person\",\"@id\":\"https:\\\/\\\/saintpierredemejans.com\\\/#\\\/schema\\\/person\\\/16414051a46156ebaff8b15c497bead7\",\"name\":\"contact@saintpierredemejans.com\",\"image\":{\"@type\":\"ImageObject\",\"inLanguage\":\"en-GB\",\"@id\":\"https:\\\/\\\/secure.gravatar.com\\\/avatar\\\/6b6a057c8693ad7323f985f5e6a9d4e42936ec1b8b3f795936dce1182f556b96?s=96&d=mm&r=g\",\"url\":\"https:\\\/\\\/secure.gravatar.com\\\/avatar\\\/6b6a057c8693ad7323f985f5e6a9d4e42936ec1b8b3f795936dce1182f556b96?s=96&d=mm&r=g\",\"contentUrl\":\"https:\\\/\\\/secure.gravatar.com\\\/avatar\\\/6b6a057c8693ad7323f985f5e6a9d4e42936ec1b8b3f795936dce1182f556b96?s=96&d=mm&r=g\",\"caption\":\"contact@saintpierredemejans.com\"}}]}<\/script>\n<!-- \/ Yoast SEO plugin. -->","yoast_head_json":{"title":"Theatre at the ch\u00e2teau | Ch\u00e2teau Saint-Pierre de Mejans | Vineyard","robots":{"index":"index","follow":"follow","max-snippet":"max-snippet:-1","max-image-preview":"max-image-preview:large","max-video-preview":"max-video-preview:-1"},"canonical":"https:\/\/saintpierredemejans.com\/en\/theatre-at-the-chateau\/","og_locale":"en_GB","og_type":"article","og_title":"Th\u00e9\u00e2tre au ch\u00e2teau | Ch\u00e2teau Saint-Pierre de Mejans | Vignoble","og_description":"\ud83c\udfad Spectacle au Ch\u00e2teau pour la Journ\u00e9e du Patrimoine \ud83c\udfb6\ud83d\udcc5 Vendredi 20 septembre au soir\ud83d\udccd Ch\u00e2teau de Saint-Pierre De Mejans \u00c0 l\u2019occasion de la Journ\u00e9e europ\u00e9enne du Patrimoine, venez assister \u00e0 un spectacle pluridisciplinaire exceptionnel, m\u00ealant chant, th\u00e9\u00e2tre, musique et danse, de la Renaissance \u00e0 nos jours. \u2728 Avec la participation de : Patricia PONSELLE, [&hellip;]","og_url":"https:\/\/saintpierredemejans.com\/en\/theatre-at-the-chateau\/","og_site_name":"Ch\u00e2teau Saint-Pierre de Mejans | Vignoble","article_published_time":"2025-09-06T08:52:00+00:00","og_image":[{"width":987,"height":693,"url":"https:\/\/saintpierredemejans.com\/wp-content\/uploads\/2025\/09\/20-Sept-theatre.jpg","type":"image\/jpeg"}],"author":"contact@saintpierredemejans.com","twitter_card":"summary_large_image","twitter_misc":{"Written by":"contact@saintpierredemejans.com","Estimated reading time":"2 minutes"},"schema":{"@context":"https:\/\/schema.org","@graph":[{"@type":"Article","@id":"https:\/\/saintpierredemejans.com\/theatre-au-chateau\/#article","isPartOf":{"@id":"https:\/\/saintpierredemejans.com\/theatre-au-chateau\/"},"author":{"name":"contact@saintpierredemejans.com","@id":"https:\/\/saintpierredemejans.com\/#\/schema\/person\/16414051a46156ebaff8b15c497bead7"},"headline":"Th\u00e9\u00e2tre au ch\u00e2teau","datePublished":"2025-09-06T08:52:00+00:00","mainEntityOfPage":{"@id":"https:\/\/saintpierredemejans.com\/theatre-au-chateau\/"},"wordCount":168,"commentCount":0,"publisher":{"@id":"https:\/\/saintpierredemejans.com\/#organization"},"image":{"@id":"https:\/\/saintpierredemejans.com\/theatre-au-chateau\/#primaryimage"},"thumbnailUrl":"https:\/\/saintpierredemejans.com\/wp-content\/uploads\/2025\/09\/20-Sept-theatre.jpg","articleSection":["Mejans"],"inLanguage":"en-GB","potentialAction":[{"@type":"CommentAction","name":"Comment","target":["https:\/\/saintpierredemejans.com\/theatre-au-chateau\/#respond"]}]},{"@type":"WebPage","@id":"https:\/\/saintpierredemejans.com\/theatre-au-chateau\/","url":"https:\/\/saintpierredemejans.com\/theatre-au-chateau\/","name":"Theatre at the ch\u00e2teau | Ch\u00e2teau Saint-Pierre de Mejans | Vineyard","isPartOf":{"@id":"https:\/\/saintpierredemejans.com\/#website"},"primaryImageOfPage":{"@id":"https:\/\/saintpierredemejans.com\/theatre-au-chateau\/#primaryimage"},"image":{"@id":"https:\/\/saintpierredemejans.com\/theatre-au-chateau\/#primaryimage"},"thumbnailUrl":"https:\/\/saintpierredemejans.com\/wp-content\/uploads\/2025\/09\/20-Sept-theatre.jpg","datePublished":"2025-09-06T08:52:00+00:00","breadcrumb":{"@id":"https:\/\/saintpierredemejans.com\/theatre-au-chateau\/#breadcrumb"},"inLanguage":"en-GB","potentialAction":[{"@type":"ReadAction","target":["https:\/\/saintpierredemejans.com\/theatre-au-chateau\/"]}]},{"@type":"ImageObject","inLanguage":"en-GB","@id":"https:\/\/saintpierredemejans.com\/theatre-au-chateau\/#primaryimage","url":"https:\/\/saintpierredemejans.com\/wp-content\/uploads\/2025\/09\/20-Sept-theatre.jpg","contentUrl":"https:\/\/saintpierredemejans.com\/wp-content\/uploads\/2025\/09\/20-Sept-theatre.jpg"},{"@type":"BreadcrumbList","@id":"https:\/\/saintpierredemejans.com\/theatre-au-chateau\/#breadcrumb","itemListElement":[{"@type":"ListItem","position":1,"name":"Home","item":"https:\/\/saintpierredemejans.com\/"},{"@type":"ListItem","position":2,"name":"Th\u00e9\u00e2tre au ch\u00e2teau"}]},{"@type":"WebSite","@id":"https:\/\/saintpierredemejans.com\/#website","url":"https:\/\/saintpierredemejans.com\/","name":"Ch\u00e2teau Saint-Pierre de Mejans | Vineyard","description":"chateau vineyard","publisher":{"@id":"https:\/\/saintpierredemejans.com\/#organization"},"potentialAction":[{"@type":"SearchAction","target":{"@type":"EntryPoint","urlTemplate":"https:\/\/saintpierredemejans.com\/?s={search_term_string}"},"query-input":{"@type":"PropertyValueSpecification","valueRequired":true,"valueName":"search_term_string"}}],"inLanguage":"en-GB"},{"@type":"Organization","@id":"https:\/\/saintpierredemejans.com\/#organization","name":"Ch\u00e2teau Saint-Pierre de Mejans | Vineyard in the Lub\u00e9ron","url":"https:\/\/saintpierredemejans.com\/","logo":{"@type":"ImageObject","inLanguage":"en-GB","@id":"https:\/\/saintpierredemejans.com\/#\/schema\/logo\/image\/","url":"https:\/\/saintpierredemejans.com\/wp-content\/uploads\/2021\/08\/favicon-1.png","contentUrl":"https:\/\/saintpierredemejans.com\/wp-content\/uploads\/2021\/08\/favicon-1.png","width":822,"height":822,"caption":"Ch\u00e2teau Saint-Pierre de Mejans | Vignoble dans le Lub\u00e9ron"},"image":{"@id":"https:\/\/saintpierredemejans.com\/#\/schema\/logo\/image\/"}},{"@type":"Person","@id":"https:\/\/saintpierredemejans.com\/#\/schema\/person\/16414051a46156ebaff8b15c497bead7","name":"contact@saintpierredemejans.com","image":{"@type":"ImageObject","inLanguage":"en-GB","@id":"https:\/\/secure.gravatar.com\/avatar\/6b6a057c8693ad7323f985f5e6a9d4e42936ec1b8b3f795936dce1182f556b96?s=96&d=mm&r=g","url":"https:\/\/secure.gravatar.com\/avatar\/6b6a057c8693ad7323f985f5e6a9d4e42936ec1b8b3f795936dce1182f556b96?s=96&d=mm&r=g","contentUrl":"https:\/\/secure.gravatar.com\/avatar\/6b6a057c8693ad7323f985f5e6a9d4e42936ec1b8b3f795936dce1182f556b96?s=96&d=mm&r=g","caption":"contact@saintpierredemejans.com"}}]}},"_links":{"self":[{"href":"https:\/\/saintpierredemejans.com\/en\/wp-json\/wp\/v2\/posts\/4804","targetHints":{"allow":["GET"]}}],"collection":[{"href":"https:\/\/saintpierredemejans.com\/en\/wp-json\/wp\/v2\/posts"}],"about":[{"href":"https:\/\/saintpierredemejans.com\/en\/wp-json\/wp\/v2\/types\/post"}],"author":[{"embeddable":true,"href":"https:\/\/saintpierredemejans.com\/en\/wp-json\/wp\/v2\/users\/3"}],"replies":[{"embeddable":true,"href":"https:\/\/saintpierredemejans.com\/en\/wp-json\/wp\/v2\/comments?post=4804"}],"version-history":[{"count":0,"href":"https:\/\/saintpierredemejans.com\/en\/wp-json\/wp\/v2\/posts\/4804\/revisions"}],"wp:attachment":[{"href":"https:\/\/saintpierredemejans.com\/en\/wp-json\/wp\/v2\/media?parent=4804"}],"wp:term":[{"taxonomy":"category","embeddable":true,"href":"https:\/\/saintpierredemejans.com\/en\/wp-json\/wp\/v2\/categories?post=4804"},{"taxonomy":"post_tag","embeddable":true,"href":"https:\/\/saintpierredemejans.com\/en\/wp-json\/wp\/v2\/tags?post=4804"}],"curies":[{"name":"wp","href":"https:\/\/api.w.org\/{rel}","templated":true}]}}