{"id":4825,"date":"2025-11-13T20:27:24","date_gmt":"2025-11-13T19:27:24","guid":{"rendered":"https:\/\/saintpierredemejans.com\/?p=4825"},"modified":"2025-11-14T15:07:41","modified_gmt":"2025-11-14T14:07:41","slug":"christmas-market-2025","status":"publish","type":"post","link":"https:\/\/saintpierredemejans.com\/en\/marche-de-noel-2025\/","title":{"rendered":"Christmas Market 2025"},"content":{"rendered":"<div class=\"x1qjc9v5 x972fbf x10w94by x1qhh985 x14e42zd x9f619 x78zum5 xdt5ytf x2lah0s xk390pu xdj266r x14z9mp xat24cr x1lziwak xexx8yu xyri2b x18d9i69 x1c1uobl x1n2onr6 xggy1nq x11njtxf\" role=\"button\">\n<div class=\"_a9zm\">\n<div class=\"_a9zn _a9zo\">\n<div class=\"_a9zr\">\n<div class=\"xt0psk2\">\n<h2 data-start=\"154\" data-end=\"186\"><img loading=\"lazy\" decoding=\"async\" class=\"alignleft wp-image-4826\" src=\"https:\/\/saintpierredemejans.com\/wp-content\/uploads\/2025\/11\/Marche-de-Noel-300x300.jpg\" alt=\"\" width=\"338\" height=\"338\" \/>Christmas Market - 4\u1d49 edition<\/h2>\n<p data-start=\"188\" data-end=\"442\">We are delighted to announce the <strong data-start=\"224\" data-end=\"262\">4\u1d49 edition of our Christmas Market<\/strong>to be held on <strong data-start=\"282\" data-end=\"304\">Saturday 13 December<\/strong>. This event has become a must for celebrating the festive season in a warm and friendly atmosphere.<\/p>\n<h3 data-start=\"444\" data-end=\"462\">The programme<\/h3>\n<ul data-start=\"463\" data-end=\"831\">\n<li data-start=\"463\" data-end=\"551\">\n<p data-start=\"465\" data-end=\"551\"><strong data-start=\"465\" data-end=\"496\">Local craftsmen and artists<\/strong> Discover original, handmade creations.<\/p>\n<\/li>\n<li data-start=\"552\" data-end=\"634\">\n<p data-start=\"554\" data-end=\"634\"><strong data-start=\"554\" data-end=\"573\">Unique gifts<\/strong> A selection of unusual objects to suit every taste.<\/p>\n<\/li>\n<li data-start=\"635\" data-end=\"732\">\n<p data-start=\"637\" data-end=\"732\"><strong data-start=\"637\" data-end=\"663\">Catering on site<\/strong> Enjoy gourmet specialities in a festive atmosphere.<\/p>\n<\/li>\n<li data-start=\"733\" data-end=\"831\">\n<p data-start=\"735\" data-end=\"831\"><strong data-start=\"735\" data-end=\"760\">Entertainment and music<\/strong> Creative workshops and music throughout the day.<\/p>\n<\/li>\n<\/ul>\n<h3 data-start=\"833\" data-end=\"876\"><\/h3>\n<h3 data-start=\"833\" data-end=\"876\">A time for sharing and discovery<\/h3>\n<p data-start=\"877\" data-end=\"1114\">This market is an ideal opportunity to <strong data-start=\"912\" data-end=\"986\">prepare for the festive season while supporting local creativity<\/strong>. Come and meet the exhibitors, talk to the artisans and enjoy a moment of conviviality with family and friends.<\/p>\n<p data-start=\"1116\" data-end=\"1193\">We look forward to seeing many of you at this year's Christmas Market.<\/p>\n<h1 class=\"_ap3a _aaco _aacu _aacx _aad7 _aade\" dir=\"auto\"><\/h1>\n<\/div>\n<\/div>\n<\/div>\n<\/div>\n<\/div>","protected":false},"excerpt":{"rendered":"<p>March\u00e9 de No\u00ebl \u2013 4\u1d49 \u00e9dition Nous avons le plaisir d\u2019annoncer la 4\u1d49 \u00e9dition de notre March\u00e9 de No\u00ebl, qui se tiendra le samedi 13 d\u00e9cembre. Cet \u00e9v\u00e9nement est devenu un rendez-vous incontournable pour c\u00e9l\u00e9brer la p\u00e9riode des f\u00eates dans une ambiance conviviale et chaleureuse. Au programme Artisans et artistes locaux : d\u00e9couvrez des cr\u00e9ations [&hellip;]<\/p>\n","protected":false},"author":3,"featured_media":0,"comment_status":"open","ping_status":"open","sticky":false,"template":"","format":"standard","meta":{"_yoast_wpseo_focuskw":"","_yoast_wpseo_title":"","_yoast_wpseo_metadesc":"","_yoast_wpseo_opengraph-title":"","_yoast_wpseo_opengraph-image":"","_yoast_wpseo_twitter-title":"","_yoast_wpseo_twitter-image":"","_et_pb_use_builder":"","_et_pb_old_content":"","_et_gb_content_width":"","footnotes":""},"categories":[1],"tags":[],"class_list":["post-4825","post","type-post","status-publish","format-standard","hentry","category-mejans"],"yoast_head":"<!-- This site is optimized with the Yoast SEO plugin v27.4 - https:\/\/yoast.com\/product\/yoast-seo-wordpress\/ -->\n<title>March\u00e9 de No\u00ebl 2025 | Ch\u00e2teau Saint-Pierre de Mejans | Vignoble<\/title>\n<meta name=\"robots\" content=\"index, follow, max-snippet:-1, max-image-preview:large, max-video-preview:-1\" \/>\n<link rel=\"canonical\" href=\"https:\/\/saintpierredemejans.com\/en\/christmas-market-2025\/\" \/>\n<meta property=\"og:locale\" content=\"en_GB\" \/>\n<meta property=\"og:type\" content=\"article\" \/>\n<meta property=\"og:title\" content=\"March\u00e9 de No\u00ebl 2025 | Ch\u00e2teau Saint-Pierre de Mejans | Vignoble\" \/>\n<meta property=\"og:description\" content=\"March\u00e9 de No\u00ebl \u2013 4\u1d49 \u00e9dition Nous avons le plaisir d\u2019annoncer la 4\u1d49 \u00e9dition de notre March\u00e9 de No\u00ebl, qui se tiendra le samedi 13 d\u00e9cembre. Cet \u00e9v\u00e9nement est devenu un rendez-vous incontournable pour c\u00e9l\u00e9brer la p\u00e9riode des f\u00eates dans une ambiance conviviale et chaleureuse. Au programme Artisans et artistes locaux : d\u00e9couvrez des cr\u00e9ations [&hellip;]\" \/>\n<meta property=\"og:url\" content=\"https:\/\/saintpierredemejans.com\/en\/christmas-market-2025\/\" \/>\n<meta property=\"og:site_name\" content=\"Ch\u00e2teau Saint-Pierre de Mejans | Vignoble\" \/>\n<meta property=\"article:published_time\" content=\"2025-11-13T19:27:24+00:00\" \/>\n<meta property=\"article:modified_time\" content=\"2025-11-14T14:07:41+00:00\" \/>\n<meta property=\"og:image\" content=\"https:\/\/saintpierredemejans.com\/wp-content\/uploads\/2025\/11\/Marche-de-Noel.jpg\" \/>\n\t<meta property=\"og:image:width\" content=\"1080\" \/>\n\t<meta property=\"og:image:height\" content=\"1080\" \/>\n\t<meta property=\"og:image:type\" content=\"image\/jpeg\" \/>\n<meta name=\"author\" content=\"contact@saintpierredemejans.com\" \/>\n<meta name=\"twitter:card\" content=\"summary_large_image\" \/>\n<meta name=\"twitter:label1\" content=\"Written by\" \/>\n\t<meta name=\"twitter:data1\" content=\"contact@saintpierredemejans.com\" \/>\n\t<meta name=\"twitter:label2\" content=\"Estimated reading time\" \/>\n\t<meta name=\"twitter:data2\" content=\"1 minute\" \/>\n<script type=\"application\/ld+json\" class=\"yoast-schema-graph\">{\"@context\":\"https:\\\/\\\/schema.org\",\"@graph\":[{\"@type\":\"Article\",\"@id\":\"https:\\\/\\\/saintpierredemejans.com\\\/marche-de-noel-2025\\\/#article\",\"isPartOf\":{\"@id\":\"https:\\\/\\\/saintpierredemejans.com\\\/marche-de-noel-2025\\\/\"},\"author\":{\"name\":\"contact@saintpierredemejans.com\",\"@id\":\"https:\\\/\\\/saintpierredemejans.com\\\/#\\\/schema\\\/person\\\/16414051a46156ebaff8b15c497bead7\"},\"headline\":\"March\u00e9 de No\u00ebl 2025\",\"datePublished\":\"2025-11-13T19:27:24+00:00\",\"dateModified\":\"2025-11-14T14:07:41+00:00\",\"mainEntityOfPage\":{\"@id\":\"https:\\\/\\\/saintpierredemejans.com\\\/marche-de-noel-2025\\\/\"},\"wordCount\":178,\"commentCount\":0,\"publisher\":{\"@id\":\"https:\\\/\\\/saintpierredemejans.com\\\/#organization\"},\"image\":{\"@id\":\"https:\\\/\\\/saintpierredemejans.com\\\/marche-de-noel-2025\\\/#primaryimage\"},\"thumbnailUrl\":\"https:\\\/\\\/saintpierredemejans.com\\\/wp-content\\\/uploads\\\/2025\\\/11\\\/Marche-de-Noel-300x300.jpg\",\"articleSection\":[\"Mejans\"],\"inLanguage\":\"en-GB\",\"potentialAction\":[{\"@type\":\"CommentAction\",\"name\":\"Comment\",\"target\":[\"https:\\\/\\\/saintpierredemejans.com\\\/marche-de-noel-2025\\\/#respond\"]}]},{\"@type\":\"WebPage\",\"@id\":\"https:\\\/\\\/saintpierredemejans.com\\\/marche-de-noel-2025\\\/\",\"url\":\"https:\\\/\\\/saintpierredemejans.com\\\/marche-de-noel-2025\\\/\",\"name\":\"March\u00e9 de No\u00ebl 2025 | Ch\u00e2teau Saint-Pierre de Mejans | Vignoble\",\"isPartOf\":{\"@id\":\"https:\\\/\\\/saintpierredemejans.com\\\/#website\"},\"primaryImageOfPage\":{\"@id\":\"https:\\\/\\\/saintpierredemejans.com\\\/marche-de-noel-2025\\\/#primaryimage\"},\"image\":{\"@id\":\"https:\\\/\\\/saintpierredemejans.com\\\/marche-de-noel-2025\\\/#primaryimage\"},\"thumbnailUrl\":\"https:\\\/\\\/saintpierredemejans.com\\\/wp-content\\\/uploads\\\/2025\\\/11\\\/Marche-de-Noel-300x300.jpg\",\"datePublished\":\"2025-11-13T19:27:24+00:00\",\"dateModified\":\"2025-11-14T14:07:41+00:00\",\"breadcrumb\":{\"@id\":\"https:\\\/\\\/saintpierredemejans.com\\\/marche-de-noel-2025\\\/#breadcrumb\"},\"inLanguage\":\"en-GB\",\"potentialAction\":[{\"@type\":\"ReadAction\",\"target\":[\"https:\\\/\\\/saintpierredemejans.com\\\/marche-de-noel-2025\\\/\"]}]},{\"@type\":\"ImageObject\",\"inLanguage\":\"en-GB\",\"@id\":\"https:\\\/\\\/saintpierredemejans.com\\\/marche-de-noel-2025\\\/#primaryimage\",\"url\":\"https:\\\/\\\/saintpierredemejans.com\\\/wp-content\\\/uploads\\\/2025\\\/11\\\/Marche-de-Noel-300x300.jpg\",\"contentUrl\":\"https:\\\/\\\/saintpierredemejans.com\\\/wp-content\\\/uploads\\\/2025\\\/11\\\/Marche-de-Noel-300x300.jpg\"},{\"@type\":\"BreadcrumbList\",\"@id\":\"https:\\\/\\\/saintpierredemejans.com\\\/marche-de-noel-2025\\\/#breadcrumb\",\"itemListElement\":[{\"@type\":\"ListItem\",\"position\":1,\"name\":\"Home\",\"item\":\"https:\\\/\\\/saintpierredemejans.com\\\/\"},{\"@type\":\"ListItem\",\"position\":2,\"name\":\"March\u00e9 de No\u00ebl 2025\"}]},{\"@type\":\"WebSite\",\"@id\":\"https:\\\/\\\/saintpierredemejans.com\\\/#website\",\"url\":\"https:\\\/\\\/saintpierredemejans.com\\\/\",\"name\":\"Ch\u00e2teau Saint-Pierre de Mejans | Vignoble\",\"description\":\"ch\u00e2teau vignoble\",\"publisher\":{\"@id\":\"https:\\\/\\\/saintpierredemejans.com\\\/#organization\"},\"potentialAction\":[{\"@type\":\"SearchAction\",\"target\":{\"@type\":\"EntryPoint\",\"urlTemplate\":\"https:\\\/\\\/saintpierredemejans.com\\\/?s={search_term_string}\"},\"query-input\":{\"@type\":\"PropertyValueSpecification\",\"valueRequired\":true,\"valueName\":\"search_term_string\"}}],\"inLanguage\":\"en-GB\"},{\"@type\":\"Organization\",\"@id\":\"https:\\\/\\\/saintpierredemejans.com\\\/#organization\",\"name\":\"Ch\u00e2teau Saint-Pierre de Mejans | Vignoble dans le Lub\u00e9ron\",\"url\":\"https:\\\/\\\/saintpierredemejans.com\\\/\",\"logo\":{\"@type\":\"ImageObject\",\"inLanguage\":\"en-GB\",\"@id\":\"https:\\\/\\\/saintpierredemejans.com\\\/#\\\/schema\\\/logo\\\/image\\\/\",\"url\":\"https:\\\/\\\/saintpierredemejans.com\\\/wp-content\\\/uploads\\\/2021\\\/08\\\/favicon-1.png\",\"contentUrl\":\"https:\\\/\\\/saintpierredemejans.com\\\/wp-content\\\/uploads\\\/2021\\\/08\\\/favicon-1.png\",\"width\":822,\"height\":822,\"caption\":\"Ch\u00e2teau Saint-Pierre de Mejans | Vignoble dans le Lub\u00e9ron\"},\"image\":{\"@id\":\"https:\\\/\\\/saintpierredemejans.com\\\/#\\\/schema\\\/logo\\\/image\\\/\"}},{\"@type\":\"Person\",\"@id\":\"https:\\\/\\\/saintpierredemejans.com\\\/#\\\/schema\\\/person\\\/16414051a46156ebaff8b15c497bead7\",\"name\":\"contact@saintpierredemejans.com\",\"image\":{\"@type\":\"ImageObject\",\"inLanguage\":\"en-GB\",\"@id\":\"https:\\\/\\\/secure.gravatar.com\\\/avatar\\\/6b6a057c8693ad7323f985f5e6a9d4e42936ec1b8b3f795936dce1182f556b96?s=96&d=mm&r=g\",\"url\":\"https:\\\/\\\/secure.gravatar.com\\\/avatar\\\/6b6a057c8693ad7323f985f5e6a9d4e42936ec1b8b3f795936dce1182f556b96?s=96&d=mm&r=g\",\"contentUrl\":\"https:\\\/\\\/secure.gravatar.com\\\/avatar\\\/6b6a057c8693ad7323f985f5e6a9d4e42936ec1b8b3f795936dce1182f556b96?s=96&d=mm&r=g\",\"caption\":\"contact@saintpierredemejans.com\"}}]}<\/script>\n<!-- \/ Yoast SEO plugin. -->","yoast_head_json":{"title":"Christmas Market 2025 | Ch\u00e2teau Saint-Pierre de Mejans | Vineyard","robots":{"index":"index","follow":"follow","max-snippet":"max-snippet:-1","max-image-preview":"max-image-preview:large","max-video-preview":"max-video-preview:-1"},"canonical":"https:\/\/saintpierredemejans.com\/en\/christmas-market-2025\/","og_locale":"en_GB","og_type":"article","og_title":"March\u00e9 de No\u00ebl 2025 | Ch\u00e2teau Saint-Pierre de Mejans | Vignoble","og_description":"March\u00e9 de No\u00ebl \u2013 4\u1d49 \u00e9dition Nous avons le plaisir d\u2019annoncer la 4\u1d49 \u00e9dition de notre March\u00e9 de No\u00ebl, qui se tiendra le samedi 13 d\u00e9cembre. Cet \u00e9v\u00e9nement est devenu un rendez-vous incontournable pour c\u00e9l\u00e9brer la p\u00e9riode des f\u00eates dans une ambiance conviviale et chaleureuse. Au programme Artisans et artistes locaux : d\u00e9couvrez des cr\u00e9ations [&hellip;]","og_url":"https:\/\/saintpierredemejans.com\/en\/christmas-market-2025\/","og_site_name":"Ch\u00e2teau Saint-Pierre de Mejans | Vignoble","article_published_time":"2025-11-13T19:27:24+00:00","article_modified_time":"2025-11-14T14:07:41+00:00","og_image":[{"width":1080,"height":1080,"url":"https:\/\/saintpierredemejans.com\/wp-content\/uploads\/2025\/11\/Marche-de-Noel.jpg","type":"image\/jpeg"}],"author":"contact@saintpierredemejans.com","twitter_card":"summary_large_image","twitter_misc":{"Written by":"contact@saintpierredemejans.com","Estimated reading time":"1 minute"},"schema":{"@context":"https:\/\/schema.org","@graph":[{"@type":"Article","@id":"https:\/\/saintpierredemejans.com\/marche-de-noel-2025\/#article","isPartOf":{"@id":"https:\/\/saintpierredemejans.com\/marche-de-noel-2025\/"},"author":{"name":"contact@saintpierredemejans.com","@id":"https:\/\/saintpierredemejans.com\/#\/schema\/person\/16414051a46156ebaff8b15c497bead7"},"headline":"March\u00e9 de No\u00ebl 2025","datePublished":"2025-11-13T19:27:24+00:00","dateModified":"2025-11-14T14:07:41+00:00","mainEntityOfPage":{"@id":"https:\/\/saintpierredemejans.com\/marche-de-noel-2025\/"},"wordCount":178,"commentCount":0,"publisher":{"@id":"https:\/\/saintpierredemejans.com\/#organization"},"image":{"@id":"https:\/\/saintpierredemejans.com\/marche-de-noel-2025\/#primaryimage"},"thumbnailUrl":"https:\/\/saintpierredemejans.com\/wp-content\/uploads\/2025\/11\/Marche-de-Noel-300x300.jpg","articleSection":["Mejans"],"inLanguage":"en-GB","potentialAction":[{"@type":"CommentAction","name":"Comment","target":["https:\/\/saintpierredemejans.com\/marche-de-noel-2025\/#respond"]}]},{"@type":"WebPage","@id":"https:\/\/saintpierredemejans.com\/marche-de-noel-2025\/","url":"https:\/\/saintpierredemejans.com\/marche-de-noel-2025\/","name":"Christmas Market 2025 | Ch\u00e2teau Saint-Pierre de Mejans | Vineyard","isPartOf":{"@id":"https:\/\/saintpierredemejans.com\/#website"},"primaryImageOfPage":{"@id":"https:\/\/saintpierredemejans.com\/marche-de-noel-2025\/#primaryimage"},"image":{"@id":"https:\/\/saintpierredemejans.com\/marche-de-noel-2025\/#primaryimage"},"thumbnailUrl":"https:\/\/saintpierredemejans.com\/wp-content\/uploads\/2025\/11\/Marche-de-Noel-300x300.jpg","datePublished":"2025-11-13T19:27:24+00:00","dateModified":"2025-11-14T14:07:41+00:00","breadcrumb":{"@id":"https:\/\/saintpierredemejans.com\/marche-de-noel-2025\/#breadcrumb"},"inLanguage":"en-GB","potentialAction":[{"@type":"ReadAction","target":["https:\/\/saintpierredemejans.com\/marche-de-noel-2025\/"]}]},{"@type":"ImageObject","inLanguage":"en-GB","@id":"https:\/\/saintpierredemejans.com\/marche-de-noel-2025\/#primaryimage","url":"https:\/\/saintpierredemejans.com\/wp-content\/uploads\/2025\/11\/Marche-de-Noel-300x300.jpg","contentUrl":"https:\/\/saintpierredemejans.com\/wp-content\/uploads\/2025\/11\/Marche-de-Noel-300x300.jpg"},{"@type":"BreadcrumbList","@id":"https:\/\/saintpierredemejans.com\/marche-de-noel-2025\/#breadcrumb","itemListElement":[{"@type":"ListItem","position":1,"name":"Home","item":"https:\/\/saintpierredemejans.com\/"},{"@type":"ListItem","position":2,"name":"March\u00e9 de No\u00ebl 2025"}]},{"@type":"WebSite","@id":"https:\/\/saintpierredemejans.com\/#website","url":"https:\/\/saintpierredemejans.com\/","name":"Ch\u00e2teau Saint-Pierre de Mejans | Vineyard","description":"chateau vineyard","publisher":{"@id":"https:\/\/saintpierredemejans.com\/#organization"},"potentialAction":[{"@type":"SearchAction","target":{"@type":"EntryPoint","urlTemplate":"https:\/\/saintpierredemejans.com\/?s={search_term_string}"},"query-input":{"@type":"PropertyValueSpecification","valueRequired":true,"valueName":"search_term_string"}}],"inLanguage":"en-GB"},{"@type":"Organization","@id":"https:\/\/saintpierredemejans.com\/#organization","name":"Ch\u00e2teau Saint-Pierre de Mejans | Vineyard in the Lub\u00e9ron","url":"https:\/\/saintpierredemejans.com\/","logo":{"@type":"ImageObject","inLanguage":"en-GB","@id":"https:\/\/saintpierredemejans.com\/#\/schema\/logo\/image\/","url":"https:\/\/saintpierredemejans.com\/wp-content\/uploads\/2021\/08\/favicon-1.png","contentUrl":"https:\/\/saintpierredemejans.com\/wp-content\/uploads\/2021\/08\/favicon-1.png","width":822,"height":822,"caption":"Ch\u00e2teau Saint-Pierre de Mejans | Vignoble dans le Lub\u00e9ron"},"image":{"@id":"https:\/\/saintpierredemejans.com\/#\/schema\/logo\/image\/"}},{"@type":"Person","@id":"https:\/\/saintpierredemejans.com\/#\/schema\/person\/16414051a46156ebaff8b15c497bead7","name":"contact@saintpierredemejans.com","image":{"@type":"ImageObject","inLanguage":"en-GB","@id":"https:\/\/secure.gravatar.com\/avatar\/6b6a057c8693ad7323f985f5e6a9d4e42936ec1b8b3f795936dce1182f556b96?s=96&d=mm&r=g","url":"https:\/\/secure.gravatar.com\/avatar\/6b6a057c8693ad7323f985f5e6a9d4e42936ec1b8b3f795936dce1182f556b96?s=96&d=mm&r=g","contentUrl":"https:\/\/secure.gravatar.com\/avatar\/6b6a057c8693ad7323f985f5e6a9d4e42936ec1b8b3f795936dce1182f556b96?s=96&d=mm&r=g","caption":"contact@saintpierredemejans.com"}}]}},"_links":{"self":[{"href":"https:\/\/saintpierredemejans.com\/en\/wp-json\/wp\/v2\/posts\/4825","targetHints":{"allow":["GET"]}}],"collection":[{"href":"https:\/\/saintpierredemejans.com\/en\/wp-json\/wp\/v2\/posts"}],"about":[{"href":"https:\/\/saintpierredemejans.com\/en\/wp-json\/wp\/v2\/types\/post"}],"author":[{"embeddable":true,"href":"https:\/\/saintpierredemejans.com\/en\/wp-json\/wp\/v2\/users\/3"}],"replies":[{"embeddable":true,"href":"https:\/\/saintpierredemejans.com\/en\/wp-json\/wp\/v2\/comments?post=4825"}],"version-history":[{"count":1,"href":"https:\/\/saintpierredemejans.com\/en\/wp-json\/wp\/v2\/posts\/4825\/revisions"}],"predecessor-version":[{"id":4828,"href":"https:\/\/saintpierredemejans.com\/en\/wp-json\/wp\/v2\/posts\/4825\/revisions\/4828"}],"wp:attachment":[{"href":"https:\/\/saintpierredemejans.com\/en\/wp-json\/wp\/v2\/media?parent=4825"}],"wp:term":[{"taxonomy":"category","embeddable":true,"href":"https:\/\/saintpierredemejans.com\/en\/wp-json\/wp\/v2\/categories?post=4825"},{"taxonomy":"post_tag","embeddable":true,"href":"https:\/\/saintpierredemejans.com\/en\/wp-json\/wp\/v2\/tags?post=4825"}],"curies":[{"name":"wp","href":"https:\/\/api.w.org\/{rel}","templated":true}]}}