{"id":5042,"date":"2026-01-27T10:35:54","date_gmt":"2026-01-27T09:35:54","guid":{"rendered":"https:\/\/saintpierredemejans.com\/?p=5042"},"modified":"2026-01-27T10:35:54","modified_gmt":"2026-01-27T09:35:54","slug":"culinary-culture-retreat-2026","status":"publish","type":"post","link":"https:\/\/saintpierredemejans.com\/en\/culinary-culture-retreat-2026\/","title":{"rendered":"CULINARY &amp; CULTURE RETREAT 2026"},"content":{"rendered":"<p><strong>EXPLORE PROVENCE in September 2026 - CUISINE + CULTURE<\/strong><\/p>\n<p>Join Tasha Powell for a one-of-a-kind culinary adventure that combines cuisine and culture with healthy and fun activities and excursions in the company of fellow lovers of food, wine, and travel.<br \/>\nOrganised by Pitcher &amp; Powell, a Cordon Bleu Chef and food stylist, this unique adventure offers a unique opportunity for explorers who want to discover the region's rich culinary traditions and seasonal foods.<\/p>\n<p><strong><img loading=\"lazy\" decoding=\"async\" class=\"size-full wp-image-5043 alignleft\" src=\"https:\/\/saintpierredemejans.com\/wp-content\/uploads\/2026\/01\/Image1.jpg\" alt=\"\" width=\"472\" height=\"448\" srcset=\"https:\/\/saintpierredemejans.com\/wp-content\/uploads\/2026\/01\/Image1.jpg 472w, https:\/\/saintpierredemejans.com\/wp-content\/uploads\/2026\/01\/Image1-300x285.jpg 300w, https:\/\/saintpierredemejans.com\/wp-content\/uploads\/2026\/01\/Image1-13x12.jpg 13w\" sizes=\"(max-width: 472px) 100vw, 472px\" \/>ACTIVITIES<\/strong><br \/>\n- Ch\u00e2teau Saint-Pierre de Mejans wine-tasting<br \/>\n- Olive Oil Tasting<br \/>\n- Cheese tasting featuring cheeses from Fromagerie de Cucuron<br \/>\n- Truffle hunt &amp; truffle tasting<br \/>\n- Visit to Les Baux de Provence immersive art exhibit (Carri\u00e8res des Lumi\u00e8res)<br \/>\n- Visit, wine tasting, and dinner at Ch\u00e2teau La Coste winery + art galleries<br \/>\n- Wine-tastings at Ch\u00e2teau La Verrerie, Domaine La Caval<br \/>\n- Visits to local produce markets<br \/>\n- Two cooking workshops with guest chef featuring French &amp; Mediterranean cuisine<br \/>\n- A visit to Aix-en-Provence, a sun-washed town of fountains, plane-tree boulevards, pastel fa\u00e7ades, and caf\u00e9-lined squares filled with southern French charm<br \/>\n- Healthy breakfast every day<br \/>\n- Walking, hiking, swimming<br \/>\nTwo yoga sessions + one sound massage in the chapel at the chateau<br \/>\n- Cucuron Market, located in the charming village where \"A Good Year\" with Russell Crowe was filmed<br \/>\n- Lourmarin Market - a picturesque Proven\u00e7al village with stone houses, caf\u00e9s and a Renaissance Ch\u00e2teau<br \/>\n- Optional private massages available at extra cost<\/p>\n<p>&nbsp;<\/p>\n<p><strong>RATES<\/strong><br \/>\n$5,200-$5,200\/person double occupancy, depending on the room selected<br \/>\n$5,400 - $6,000\/person single occupancy, depending on the room selected<\/p>\n<p><img loading=\"lazy\" decoding=\"async\" class=\"alignright wp-image-5044 size-medium\" src=\"https:\/\/saintpierredemejans.com\/wp-content\/uploads\/2026\/01\/IMG-20241005-WA0002-300x225.jpg\" alt=\"\" width=\"300\" height=\"225\" \/><br \/>\nSpecial pricing available for groups of 6 or more Prices include accommodations, all scheduled meals, activities and excursions, and transportation to\/from Marseille Airport (MRS).<br \/>\nNot included: flights, travel insurance, wine and beverages (apart from tours), non-specified meals.<\/p>\n<p><strong>SPACES FILL QUICKLY!<\/strong><\/p>\n<p>To reserve yours, contact:<br \/>\nTasha Powell<br \/>\nluxemavens2@gmail.com<br \/>\n(1) 424.288.9668 (US)<br \/>\n(33) 07.81.26.71 (FR)<\/p>\n<p><img loading=\"lazy\" decoding=\"async\" class=\"aligncenter size-full wp-image-5047\" src=\"https:\/\/saintpierredemejans.com\/wp-content\/uploads\/2026\/01\/Image4.jpg\" alt=\"\" width=\"477\" height=\"635\" srcset=\"https:\/\/saintpierredemejans.com\/wp-content\/uploads\/2026\/01\/Image4.jpg 477w, https:\/\/saintpierredemejans.com\/wp-content\/uploads\/2026\/01\/Image4-225x300.jpg 225w, https:\/\/saintpierredemejans.com\/wp-content\/uploads\/2026\/01\/Image4-9x12.jpg 9w\" sizes=\"(max-width: 477px) 100vw, 477px\" \/><\/p>","protected":false},"excerpt":{"rendered":"<p>EXPLORE PROVENCE in September 2026 &#8211; CUISINE + CULTURE Join Tasha Powell for a one-of-a-kind culinary adventure that combines cuisine and culture with healthy and fun activities and excursions in the company of fellow lovers of food, wine, and travel. Organized by Pitcher &amp; Powell, a Cordon Bleu Chef and food stylist, this unique adventure [&hellip;]<\/p>\n","protected":false},"author":3,"featured_media":0,"comment_status":"open","ping_status":"open","sticky":false,"template":"","format":"standard","meta":{"_yoast_wpseo_focuskw":"","_yoast_wpseo_title":"","_yoast_wpseo_metadesc":"","_yoast_wpseo_opengraph-title":"","_yoast_wpseo_opengraph-image":"","_yoast_wpseo_twitter-title":"","_yoast_wpseo_twitter-image":"","_et_pb_use_builder":"","_et_pb_old_content":"","_et_gb_content_width":"","footnotes":""},"categories":[1],"tags":[],"class_list":["post-5042","post","type-post","status-publish","format-standard","hentry","category-mejans"],"yoast_head":"<!-- This site is optimized with the Yoast SEO plugin v27.4 - https:\/\/yoast.com\/product\/yoast-seo-wordpress\/ -->\n<title>CULINARY &amp; CULTURE RETREAT 2026 | Ch\u00e2teau Saint-Pierre de Mejans | Vignoble<\/title>\n<meta name=\"robots\" content=\"index, follow, max-snippet:-1, max-image-preview:large, max-video-preview:-1\" \/>\n<link rel=\"canonical\" href=\"https:\/\/saintpierredemejans.com\/en\/culinary-culture-retreat-2026\/\" \/>\n<meta property=\"og:locale\" content=\"en_GB\" \/>\n<meta property=\"og:type\" content=\"article\" \/>\n<meta property=\"og:title\" content=\"CULINARY &amp; CULTURE RETREAT 2026 | Ch\u00e2teau Saint-Pierre de Mejans | Vignoble\" \/>\n<meta property=\"og:description\" content=\"EXPLORE PROVENCE in September 2026 &#8211; CUISINE + CULTURE Join Tasha Powell for a one-of-a-kind culinary adventure that combines cuisine and culture with healthy and fun activities and excursions in the company of fellow lovers of food, wine, and travel. Organized by Pitcher &amp; Powell, a Cordon Bleu Chef and food stylist, this unique adventure [&hellip;]\" \/>\n<meta property=\"og:url\" content=\"https:\/\/saintpierredemejans.com\/en\/culinary-culture-retreat-2026\/\" \/>\n<meta property=\"og:site_name\" content=\"Ch\u00e2teau Saint-Pierre de Mejans | Vignoble\" \/>\n<meta property=\"article:published_time\" content=\"2026-01-27T09:35:54+00:00\" \/>\n<meta property=\"og:image\" content=\"https:\/\/saintpierredemejans.com\/wp-content\/uploads\/2026\/01\/Image1.jpg\" \/>\n\t<meta property=\"og:image:width\" content=\"472\" \/>\n\t<meta property=\"og:image:height\" content=\"448\" \/>\n\t<meta property=\"og:image:type\" content=\"image\/jpeg\" \/>\n<meta name=\"author\" content=\"contact@saintpierredemejans.com\" \/>\n<meta name=\"twitter:card\" content=\"summary_large_image\" \/>\n<meta name=\"twitter:label1\" content=\"Written by\" \/>\n\t<meta name=\"twitter:data1\" content=\"contact@saintpierredemejans.com\" \/>\n\t<meta name=\"twitter:label2\" content=\"Estimated reading time\" \/>\n\t<meta name=\"twitter:data2\" content=\"3 minutes\" \/>\n<script type=\"application\/ld+json\" class=\"yoast-schema-graph\">{\"@context\":\"https:\\\/\\\/schema.org\",\"@graph\":[{\"@type\":\"Article\",\"@id\":\"https:\\\/\\\/saintpierredemejans.com\\\/culinary-culture-retreat-2026\\\/#article\",\"isPartOf\":{\"@id\":\"https:\\\/\\\/saintpierredemejans.com\\\/culinary-culture-retreat-2026\\\/\"},\"author\":{\"name\":\"contact@saintpierredemejans.com\",\"@id\":\"https:\\\/\\\/saintpierredemejans.com\\\/#\\\/schema\\\/person\\\/16414051a46156ebaff8b15c497bead7\"},\"headline\":\"CULINARY &amp; CULTURE RETREAT 2026\",\"datePublished\":\"2026-01-27T09:35:54+00:00\",\"mainEntityOfPage\":{\"@id\":\"https:\\\/\\\/saintpierredemejans.com\\\/culinary-culture-retreat-2026\\\/\"},\"wordCount\":304,\"commentCount\":0,\"publisher\":{\"@id\":\"https:\\\/\\\/saintpierredemejans.com\\\/#organization\"},\"image\":{\"@id\":\"https:\\\/\\\/saintpierredemejans.com\\\/culinary-culture-retreat-2026\\\/#primaryimage\"},\"thumbnailUrl\":\"https:\\\/\\\/saintpierredemejans.com\\\/wp-content\\\/uploads\\\/2026\\\/01\\\/Image1.jpg\",\"articleSection\":[\"Mejans\"],\"inLanguage\":\"en-GB\",\"potentialAction\":[{\"@type\":\"CommentAction\",\"name\":\"Comment\",\"target\":[\"https:\\\/\\\/saintpierredemejans.com\\\/culinary-culture-retreat-2026\\\/#respond\"]}]},{\"@type\":\"WebPage\",\"@id\":\"https:\\\/\\\/saintpierredemejans.com\\\/culinary-culture-retreat-2026\\\/\",\"url\":\"https:\\\/\\\/saintpierredemejans.com\\\/culinary-culture-retreat-2026\\\/\",\"name\":\"CULINARY &amp; CULTURE RETREAT 2026 | Ch\u00e2teau Saint-Pierre de Mejans | Vignoble\",\"isPartOf\":{\"@id\":\"https:\\\/\\\/saintpierredemejans.com\\\/#website\"},\"primaryImageOfPage\":{\"@id\":\"https:\\\/\\\/saintpierredemejans.com\\\/culinary-culture-retreat-2026\\\/#primaryimage\"},\"image\":{\"@id\":\"https:\\\/\\\/saintpierredemejans.com\\\/culinary-culture-retreat-2026\\\/#primaryimage\"},\"thumbnailUrl\":\"https:\\\/\\\/saintpierredemejans.com\\\/wp-content\\\/uploads\\\/2026\\\/01\\\/Image1.jpg\",\"datePublished\":\"2026-01-27T09:35:54+00:00\",\"breadcrumb\":{\"@id\":\"https:\\\/\\\/saintpierredemejans.com\\\/culinary-culture-retreat-2026\\\/#breadcrumb\"},\"inLanguage\":\"en-GB\",\"potentialAction\":[{\"@type\":\"ReadAction\",\"target\":[\"https:\\\/\\\/saintpierredemejans.com\\\/culinary-culture-retreat-2026\\\/\"]}]},{\"@type\":\"ImageObject\",\"inLanguage\":\"en-GB\",\"@id\":\"https:\\\/\\\/saintpierredemejans.com\\\/culinary-culture-retreat-2026\\\/#primaryimage\",\"url\":\"https:\\\/\\\/saintpierredemejans.com\\\/wp-content\\\/uploads\\\/2026\\\/01\\\/Image1.jpg\",\"contentUrl\":\"https:\\\/\\\/saintpierredemejans.com\\\/wp-content\\\/uploads\\\/2026\\\/01\\\/Image1.jpg\"},{\"@type\":\"BreadcrumbList\",\"@id\":\"https:\\\/\\\/saintpierredemejans.com\\\/culinary-culture-retreat-2026\\\/#breadcrumb\",\"itemListElement\":[{\"@type\":\"ListItem\",\"position\":1,\"name\":\"Home\",\"item\":\"https:\\\/\\\/saintpierredemejans.com\\\/\"},{\"@type\":\"ListItem\",\"position\":2,\"name\":\"CULINARY &amp; CULTURE RETREAT 2026\"}]},{\"@type\":\"WebSite\",\"@id\":\"https:\\\/\\\/saintpierredemejans.com\\\/#website\",\"url\":\"https:\\\/\\\/saintpierredemejans.com\\\/\",\"name\":\"Ch\u00e2teau Saint-Pierre de Mejans | Vignoble\",\"description\":\"ch\u00e2teau vignoble\",\"publisher\":{\"@id\":\"https:\\\/\\\/saintpierredemejans.com\\\/#organization\"},\"potentialAction\":[{\"@type\":\"SearchAction\",\"target\":{\"@type\":\"EntryPoint\",\"urlTemplate\":\"https:\\\/\\\/saintpierredemejans.com\\\/?s={search_term_string}\"},\"query-input\":{\"@type\":\"PropertyValueSpecification\",\"valueRequired\":true,\"valueName\":\"search_term_string\"}}],\"inLanguage\":\"en-GB\"},{\"@type\":\"Organization\",\"@id\":\"https:\\\/\\\/saintpierredemejans.com\\\/#organization\",\"name\":\"Ch\u00e2teau Saint-Pierre de Mejans | Vignoble dans le Lub\u00e9ron\",\"url\":\"https:\\\/\\\/saintpierredemejans.com\\\/\",\"logo\":{\"@type\":\"ImageObject\",\"inLanguage\":\"en-GB\",\"@id\":\"https:\\\/\\\/saintpierredemejans.com\\\/#\\\/schema\\\/logo\\\/image\\\/\",\"url\":\"https:\\\/\\\/saintpierredemejans.com\\\/wp-content\\\/uploads\\\/2021\\\/08\\\/favicon-1.png\",\"contentUrl\":\"https:\\\/\\\/saintpierredemejans.com\\\/wp-content\\\/uploads\\\/2021\\\/08\\\/favicon-1.png\",\"width\":822,\"height\":822,\"caption\":\"Ch\u00e2teau Saint-Pierre de Mejans | Vignoble dans le Lub\u00e9ron\"},\"image\":{\"@id\":\"https:\\\/\\\/saintpierredemejans.com\\\/#\\\/schema\\\/logo\\\/image\\\/\"}},{\"@type\":\"Person\",\"@id\":\"https:\\\/\\\/saintpierredemejans.com\\\/#\\\/schema\\\/person\\\/16414051a46156ebaff8b15c497bead7\",\"name\":\"contact@saintpierredemejans.com\",\"image\":{\"@type\":\"ImageObject\",\"inLanguage\":\"en-GB\",\"@id\":\"https:\\\/\\\/secure.gravatar.com\\\/avatar\\\/6b6a057c8693ad7323f985f5e6a9d4e42936ec1b8b3f795936dce1182f556b96?s=96&d=mm&r=g\",\"url\":\"https:\\\/\\\/secure.gravatar.com\\\/avatar\\\/6b6a057c8693ad7323f985f5e6a9d4e42936ec1b8b3f795936dce1182f556b96?s=96&d=mm&r=g\",\"contentUrl\":\"https:\\\/\\\/secure.gravatar.com\\\/avatar\\\/6b6a057c8693ad7323f985f5e6a9d4e42936ec1b8b3f795936dce1182f556b96?s=96&d=mm&r=g\",\"caption\":\"contact@saintpierredemejans.com\"}}]}<\/script>\n<!-- \/ Yoast SEO plugin. -->","yoast_head_json":{"title":"CULINARY &amp; CULTURE RETREAT 2026 | Ch\u00e2teau Saint-Pierre de Mejans | Vineyard","robots":{"index":"index","follow":"follow","max-snippet":"max-snippet:-1","max-image-preview":"max-image-preview:large","max-video-preview":"max-video-preview:-1"},"canonical":"https:\/\/saintpierredemejans.com\/en\/culinary-culture-retreat-2026\/","og_locale":"en_GB","og_type":"article","og_title":"CULINARY &amp; CULTURE RETREAT 2026 | Ch\u00e2teau Saint-Pierre de Mejans | Vignoble","og_description":"EXPLORE PROVENCE in September 2026 &#8211; CUISINE + CULTURE Join Tasha Powell for a one-of-a-kind culinary adventure that combines cuisine and culture with healthy and fun activities and excursions in the company of fellow lovers of food, wine, and travel. Organized by Pitcher &amp; Powell, a Cordon Bleu Chef and food stylist, this unique adventure [&hellip;]","og_url":"https:\/\/saintpierredemejans.com\/en\/culinary-culture-retreat-2026\/","og_site_name":"Ch\u00e2teau Saint-Pierre de Mejans | Vignoble","article_published_time":"2026-01-27T09:35:54+00:00","og_image":[{"width":472,"height":448,"url":"https:\/\/saintpierredemejans.com\/wp-content\/uploads\/2026\/01\/Image1.jpg","type":"image\/jpeg"}],"author":"contact@saintpierredemejans.com","twitter_card":"summary_large_image","twitter_misc":{"Written by":"contact@saintpierredemejans.com","Estimated reading time":"3 minutes"},"schema":{"@context":"https:\/\/schema.org","@graph":[{"@type":"Article","@id":"https:\/\/saintpierredemejans.com\/culinary-culture-retreat-2026\/#article","isPartOf":{"@id":"https:\/\/saintpierredemejans.com\/culinary-culture-retreat-2026\/"},"author":{"name":"contact@saintpierredemejans.com","@id":"https:\/\/saintpierredemejans.com\/#\/schema\/person\/16414051a46156ebaff8b15c497bead7"},"headline":"CULINARY &amp; CULTURE RETREAT 2026","datePublished":"2026-01-27T09:35:54+00:00","mainEntityOfPage":{"@id":"https:\/\/saintpierredemejans.com\/culinary-culture-retreat-2026\/"},"wordCount":304,"commentCount":0,"publisher":{"@id":"https:\/\/saintpierredemejans.com\/#organization"},"image":{"@id":"https:\/\/saintpierredemejans.com\/culinary-culture-retreat-2026\/#primaryimage"},"thumbnailUrl":"https:\/\/saintpierredemejans.com\/wp-content\/uploads\/2026\/01\/Image1.jpg","articleSection":["Mejans"],"inLanguage":"en-GB","potentialAction":[{"@type":"CommentAction","name":"Comment","target":["https:\/\/saintpierredemejans.com\/culinary-culture-retreat-2026\/#respond"]}]},{"@type":"WebPage","@id":"https:\/\/saintpierredemejans.com\/culinary-culture-retreat-2026\/","url":"https:\/\/saintpierredemejans.com\/culinary-culture-retreat-2026\/","name":"CULINARY &amp; CULTURE RETREAT 2026 | Ch\u00e2teau Saint-Pierre de Mejans | Vineyard","isPartOf":{"@id":"https:\/\/saintpierredemejans.com\/#website"},"primaryImageOfPage":{"@id":"https:\/\/saintpierredemejans.com\/culinary-culture-retreat-2026\/#primaryimage"},"image":{"@id":"https:\/\/saintpierredemejans.com\/culinary-culture-retreat-2026\/#primaryimage"},"thumbnailUrl":"https:\/\/saintpierredemejans.com\/wp-content\/uploads\/2026\/01\/Image1.jpg","datePublished":"2026-01-27T09:35:54+00:00","breadcrumb":{"@id":"https:\/\/saintpierredemejans.com\/culinary-culture-retreat-2026\/#breadcrumb"},"inLanguage":"en-GB","potentialAction":[{"@type":"ReadAction","target":["https:\/\/saintpierredemejans.com\/culinary-culture-retreat-2026\/"]}]},{"@type":"ImageObject","inLanguage":"en-GB","@id":"https:\/\/saintpierredemejans.com\/culinary-culture-retreat-2026\/#primaryimage","url":"https:\/\/saintpierredemejans.com\/wp-content\/uploads\/2026\/01\/Image1.jpg","contentUrl":"https:\/\/saintpierredemejans.com\/wp-content\/uploads\/2026\/01\/Image1.jpg"},{"@type":"BreadcrumbList","@id":"https:\/\/saintpierredemejans.com\/culinary-culture-retreat-2026\/#breadcrumb","itemListElement":[{"@type":"ListItem","position":1,"name":"Home","item":"https:\/\/saintpierredemejans.com\/"},{"@type":"ListItem","position":2,"name":"CULINARY &amp; CULTURE RETREAT 2026"}]},{"@type":"WebSite","@id":"https:\/\/saintpierredemejans.com\/#website","url":"https:\/\/saintpierredemejans.com\/","name":"Ch\u00e2teau Saint-Pierre de Mejans | Vineyard","description":"chateau vineyard","publisher":{"@id":"https:\/\/saintpierredemejans.com\/#organization"},"potentialAction":[{"@type":"SearchAction","target":{"@type":"EntryPoint","urlTemplate":"https:\/\/saintpierredemejans.com\/?s={search_term_string}"},"query-input":{"@type":"PropertyValueSpecification","valueRequired":true,"valueName":"search_term_string"}}],"inLanguage":"en-GB"},{"@type":"Organization","@id":"https:\/\/saintpierredemejans.com\/#organization","name":"Ch\u00e2teau Saint-Pierre de Mejans | Vineyard in the Lub\u00e9ron","url":"https:\/\/saintpierredemejans.com\/","logo":{"@type":"ImageObject","inLanguage":"en-GB","@id":"https:\/\/saintpierredemejans.com\/#\/schema\/logo\/image\/","url":"https:\/\/saintpierredemejans.com\/wp-content\/uploads\/2021\/08\/favicon-1.png","contentUrl":"https:\/\/saintpierredemejans.com\/wp-content\/uploads\/2021\/08\/favicon-1.png","width":822,"height":822,"caption":"Ch\u00e2teau Saint-Pierre de Mejans | Vignoble dans le Lub\u00e9ron"},"image":{"@id":"https:\/\/saintpierredemejans.com\/#\/schema\/logo\/image\/"}},{"@type":"Person","@id":"https:\/\/saintpierredemejans.com\/#\/schema\/person\/16414051a46156ebaff8b15c497bead7","name":"contact@saintpierredemejans.com","image":{"@type":"ImageObject","inLanguage":"en-GB","@id":"https:\/\/secure.gravatar.com\/avatar\/6b6a057c8693ad7323f985f5e6a9d4e42936ec1b8b3f795936dce1182f556b96?s=96&d=mm&r=g","url":"https:\/\/secure.gravatar.com\/avatar\/6b6a057c8693ad7323f985f5e6a9d4e42936ec1b8b3f795936dce1182f556b96?s=96&d=mm&r=g","contentUrl":"https:\/\/secure.gravatar.com\/avatar\/6b6a057c8693ad7323f985f5e6a9d4e42936ec1b8b3f795936dce1182f556b96?s=96&d=mm&r=g","caption":"contact@saintpierredemejans.com"}}]}},"_links":{"self":[{"href":"https:\/\/saintpierredemejans.com\/en\/wp-json\/wp\/v2\/posts\/5042","targetHints":{"allow":["GET"]}}],"collection":[{"href":"https:\/\/saintpierredemejans.com\/en\/wp-json\/wp\/v2\/posts"}],"about":[{"href":"https:\/\/saintpierredemejans.com\/en\/wp-json\/wp\/v2\/types\/post"}],"author":[{"embeddable":true,"href":"https:\/\/saintpierredemejans.com\/en\/wp-json\/wp\/v2\/users\/3"}],"replies":[{"embeddable":true,"href":"https:\/\/saintpierredemejans.com\/en\/wp-json\/wp\/v2\/comments?post=5042"}],"version-history":[{"count":1,"href":"https:\/\/saintpierredemejans.com\/en\/wp-json\/wp\/v2\/posts\/5042\/revisions"}],"predecessor-version":[{"id":5048,"href":"https:\/\/saintpierredemejans.com\/en\/wp-json\/wp\/v2\/posts\/5042\/revisions\/5048"}],"wp:attachment":[{"href":"https:\/\/saintpierredemejans.com\/en\/wp-json\/wp\/v2\/media?parent=5042"}],"wp:term":[{"taxonomy":"category","embeddable":true,"href":"https:\/\/saintpierredemejans.com\/en\/wp-json\/wp\/v2\/categories?post=5042"},{"taxonomy":"post_tag","embeddable":true,"href":"https:\/\/saintpierredemejans.com\/en\/wp-json\/wp\/v2\/tags?post=5042"}],"curies":[{"name":"wp","href":"https:\/\/api.w.org\/{rel}","templated":true}]}}